{"id":87463,"date":"2019-06-03T14:05:50","date_gmt":"2019-06-03T12:05:50","guid":{"rendered":"https:\/\/zjarr.tv\/?p=87463"},"modified":"2019-06-03T14:05:50","modified_gmt":"2019-06-03T12:05:50","slug":"komuniteti-mysliman-publikon-programin-fiter-bajrami-falet-te-marten-ne-sheshin-skenderbej","status":"publish","type":"post","link":"https:\/\/zjarr.tv\/en\/komuniteti-mysliman-publikon-programin-fiter-bajrami-falet-te-marten-ne-sheshin-skenderbej\/","title":{"rendered":"Komuniteti Mysliman publikon programin: Fit\u00ebr Bajrami falet t\u00eb mart\u00ebn n\u00eb sheshin &#8216;Sk\u00ebnderbej&#8217;"},"content":{"rendered":"<p>Komuniteti Mysliman i Shqip\u00ebris\u00eb njoftoi sot besimtar\u00ebt se Fit\u00ebr Bajrami do t\u00eb falet dit\u00ebn e mart\u00eb, m\u00eb 4 qershor, n\u00eb or\u00ebn 06:00 n\u00eb \u201cSheshin Skenderbej\u201d, Tiran\u00eb.<\/p>\n<p>Gjithashtu bajrami do t\u00eb falet n\u00eb disa prej shesheve kryesore t\u00eb qyteteve dhe n\u00ebp\u00ebr xhami.<\/p>\n<p>Programi fillon n\u00eb or\u00ebn 05:30 dhe mbaron n\u00eb or\u00ebn 6:15.<\/p>\n<p><strong>PROGRAMI I FITER BAJRAMIT<\/strong><br \/>\n<em>Data: 04.06.2019<\/em><\/p>\n<p><em>Dita: E mart\u00eb<\/em><\/p>\n<p><em>Ora: 05:30 &#8211; 06:15<\/em><\/p>\n<p><em>Vendi: \u201cSheshi Skenderbej\u201d, Tiran\u00eb<\/em><\/p>\n<p><em>Hapja e programit: 05:30<\/em><\/p>\n<p><em>Lexim Kur\u2019ani: 05:35, Imami i Xhamis\u00eb s\u00eb Et\u2019hem Beut, Elton Karaj<\/em><\/p>\n<p><em>Fjala p\u00ebrsh\u00ebndet\u00ebse: 05:40, Kryetari i KMSH-s\u00eb, H. Bujar Spahiu<\/em><\/p>\n<p><em>Ligj\u00ebrat\u00eb: 05:45, N\u00ebnkryetari i KMSH-s\u00eb, Lauren Luli<\/em><\/p>\n<p><em>Falja e Namazit: 06:00<\/em><\/p>\n<p><em>Hytbeja: 06:05, Kryetari i KMSH-s\u00eb, H. Bujar Spahiu<\/em><\/p>\n<p>&nbsp;<\/p>","protected":false},"excerpt":{"rendered":"<p>Komuniteti Mysliman i Shqip\u00ebris\u00eb njoftoi sot besimtar\u00ebt se Fit\u00ebr Bajrami do t\u00eb falet dit\u00ebn e mart\u00eb, m\u00eb 4 qershor, n\u00eb or\u00ebn 06:00 n\u00eb \u201cSheshin Skenderbej\u201d, Tiran\u00eb. Gjithashtu bajrami do t\u00eb falet n\u00eb disa prej shesheve kryesore t\u00eb qyteteve dhe n\u00ebp\u00ebr xhami. Programi fillon n\u00eb or\u00ebn 05:30 dhe mbaron n\u00eb or\u00ebn 6:15. PROGRAMI I FITER BAJRAMIT [&hellip;]<\/p>\n","protected":false},"author":2013,"featured_media":87464,"comment_status":"open","ping_status":"closed","sticky":false,"template":"","format":"standard","meta":{"footnotes":""},"categories":[241,235],"tags":[],"class_list":{"0":"post-87463","1":"post","2":"type-post","3":"status-publish","4":"format-standard","5":"has-post-thumbnail","7":"category-aktualitet","8":"category-vendi"},"_links":{"self":[{"href":"https:\/\/zjarr.tv\/en\/wp-json\/wp\/v2\/posts\/87463","targetHints":{"allow":["GET"]}}],"collection":[{"href":"https:\/\/zjarr.tv\/en\/wp-json\/wp\/v2\/posts"}],"about":[{"href":"https:\/\/zjarr.tv\/en\/wp-json\/wp\/v2\/types\/post"}],"author":[{"embeddable":true,"href":"https:\/\/zjarr.tv\/en\/wp-json\/wp\/v2\/users\/2013"}],"replies":[{"embeddable":true,"href":"https:\/\/zjarr.tv\/en\/wp-json\/wp\/v2\/comments?post=87463"}],"version-history":[{"count":0,"href":"https:\/\/zjarr.tv\/en\/wp-json\/wp\/v2\/posts\/87463\/revisions"}],"wp:featuredmedia":[{"embeddable":true,"href":"https:\/\/zjarr.tv\/en\/wp-json\/wp\/v2\/media\/87464"}],"wp:attachment":[{"href":"https:\/\/zjarr.tv\/en\/wp-json\/wp\/v2\/media?parent=87463"}],"wp:term":[{"taxonomy":"category","embeddable":true,"href":"https:\/\/zjarr.tv\/en\/wp-json\/wp\/v2\/categories?post=87463"},{"taxonomy":"post_tag","embeddable":true,"href":"https:\/\/zjarr.tv\/en\/wp-json\/wp\/v2\/tags?post=87463"}],"curies":[{"name":"wp","href":"https:\/\/api.w.org\/{rel}","templated":true}]}}