{"id":87469,"date":"2019-06-03T14:10:12","date_gmt":"2019-06-03T12:10:12","guid":{"rendered":"https:\/\/zjarr.tv\/?p=87469"},"modified":"2019-06-03T14:10:12","modified_gmt":"2019-06-03T12:10:12","slug":"aviacioni-shqiptar-qe-sot-rregulla-te-reja-per-fluturimin-me-deltaplan-dhe-paraglajde","status":"publish","type":"post","link":"https:\/\/zjarr.tv\/en\/aviacioni-shqiptar-qe-sot-rregulla-te-reja-per-fluturimin-me-deltaplan-dhe-paraglajde\/","title":{"rendered":"Aviacioni shqiptar: Q\u00eb sot, rregulla t\u00eb reja p\u00ebr fluturimin me deltaplan dhe paraglajde"},"content":{"rendered":"<p>Miratohen rregullat e reja p\u00ebr t\u00eb gjitha fluturimet me deltaplan ose me paraglide, t\u00eb cilat do t\u00eb sh\u00ebrbejn\u00eb p\u00ebr nj\u00eb organizmin m\u00eb t\u00eb mir\u00eb t\u00eb k\u00ebtij aktiviteti.<\/p>\n<p>Autoriteti i Aviacionit Civili njoftoi se ministrja e\u00a0Infrastruktur\u00ebs dhe Energjitik\u00ebs, Belinda Ballukur, sot ka nxjerr\u00eb urdhrin nr. 195, dat\u00eb 3.05.2019, \u201cP\u00ebr miratimin e Rregullores mbi kushtet dhe m\u00ebnyrat e p\u00ebrdorimit t\u00eb Deltaplaneve dhe Paraglajdeve\u201d, ku sakt\u00ebsohet m\u00eb mir\u00eb kushtet si dhe shtohen terma e p\u00ebrkufizime t\u00eb reja si m\u00eb posht\u00eb:<\/p>\n<p>P\u00ebr k\u00ebt\u00eb, sanksionohet q\u00eb krahas njoftimeve e miratimeve n\u00eb AAC, koordinimit me OSHLA, n\u00eb t\u00eb shumt\u00ebn e rasteve, do t\u00eb njoftohen edhe organet vendore dhe pronari i tok\u00ebs q\u00eb do t\u00eb p\u00ebrdoret si vend ulje apo ngritje.<\/p>\n<p>Rregullat p\u00ebr p\u00ebrcaktimin e vendeve p\u00ebr ngritjen dhe uljen e deltaplan\u00ebve dhe paraglajd\u00ebve, registrimi i tyre, rregullat p\u00ebr p\u00ebrdorimin e k\u00ebtyre vendeve si dhe t\u00eb zonave t\u00eb lejuara, t\u00eb parashikuara n\u00eb t\u00eb detajohen duke i ardhur m\u00eb n\u00eb ndihm\u00eb p\u00ebrdoruesve dhe duke mos l\u00ebn\u00eb vend p\u00ebr paqart\u00ebsi.<\/p>\n<p>N\u00eb k\u00ebt\u00eb urdh\u00ebr, jan\u00eb p\u00ebrfshir\u00eb gjithashtu kushtet p\u00ebr prodhimin, p\u00ebrdorimin dhe mir\u00ebmbajtjen e deltaplan\u00ebve dhe paraglajd\u00ebve, t\u00eb cilat nuk parashikohen n\u00eb urdhrin e shfuqizuar.<\/p>\n<p>Nenet p\u00ebr trajnimin, provimet, licencat dhe kategorizimet p\u00ebr pilot\u00ebt e tyre si dhe kushtet q\u00eb duhet t\u00eb plot\u00ebsohen nga personat juridik\u00eb lidhur me miratimin e organizatave trajnuese p\u00ebr kryerjen e trajnimit p\u00ebr pilot\u00eb q\u00eb pajisen me licenc\u00eb jan\u00eb p\u00ebrmir\u00ebsuar. Autoriteti i Aviacionit Civil, i b\u00ebri\u00a0apel gjith\u00eb personave q\u00eb operojn\u00eb n\u00eb k\u00ebt\u00eb fush\u00eb q\u00eb t\u00eb kontaktojn\u00eb me Autoritetin p\u00ebr \u00e7do paqart\u00ebsi n\u00eb vijim.<\/p>\n<p>&nbsp;<\/p>","protected":false},"excerpt":{"rendered":"<p>Miratohen rregullat e reja p\u00ebr t\u00eb gjitha fluturimet me deltaplan ose me paraglide, t\u00eb cilat do t\u00eb sh\u00ebrbejn\u00eb p\u00ebr nj\u00eb organizmin m\u00eb t\u00eb mir\u00eb t\u00eb k\u00ebtij aktiviteti. Autoriteti i Aviacionit Civili njoftoi se ministrja e\u00a0Infrastruktur\u00ebs dhe Energjitik\u00ebs, Belinda Ballukur, sot ka nxjerr\u00eb urdhrin nr. 195, dat\u00eb 3.05.2019, \u201cP\u00ebr miratimin e Rregullores mbi kushtet dhe m\u00ebnyrat [&hellip;]<\/p>\n","protected":false},"author":2013,"featured_media":87470,"comment_status":"open","ping_status":"closed","sticky":false,"template":"","format":"standard","meta":{"footnotes":""},"categories":[241,235],"tags":[],"class_list":{"0":"post-87469","1":"post","2":"type-post","3":"status-publish","4":"format-standard","5":"has-post-thumbnail","7":"category-aktualitet","8":"category-vendi"},"_links":{"self":[{"href":"https:\/\/zjarr.tv\/en\/wp-json\/wp\/v2\/posts\/87469","targetHints":{"allow":["GET"]}}],"collection":[{"href":"https:\/\/zjarr.tv\/en\/wp-json\/wp\/v2\/posts"}],"about":[{"href":"https:\/\/zjarr.tv\/en\/wp-json\/wp\/v2\/types\/post"}],"author":[{"embeddable":true,"href":"https:\/\/zjarr.tv\/en\/wp-json\/wp\/v2\/users\/2013"}],"replies":[{"embeddable":true,"href":"https:\/\/zjarr.tv\/en\/wp-json\/wp\/v2\/comments?post=87469"}],"version-history":[{"count":0,"href":"https:\/\/zjarr.tv\/en\/wp-json\/wp\/v2\/posts\/87469\/revisions"}],"wp:featuredmedia":[{"embeddable":true,"href":"https:\/\/zjarr.tv\/en\/wp-json\/wp\/v2\/media\/87470"}],"wp:attachment":[{"href":"https:\/\/zjarr.tv\/en\/wp-json\/wp\/v2\/media?parent=87469"}],"wp:term":[{"taxonomy":"category","embeddable":true,"href":"https:\/\/zjarr.tv\/en\/wp-json\/wp\/v2\/categories?post=87469"},{"taxonomy":"post_tag","embeddable":true,"href":"https:\/\/zjarr.tv\/en\/wp-json\/wp\/v2\/tags?post=87469"}],"curies":[{"name":"wp","href":"https:\/\/api.w.org\/{rel}","templated":true}]}}