{"id":87482,"date":"2019-06-03T14:30:44","date_gmt":"2019-06-03T12:30:44","guid":{"rendered":"https:\/\/zjarr.tv\/?p=87482"},"modified":"2019-06-03T14:30:44","modified_gmt":"2019-06-03T12:30:44","slug":"lleshaj-pergjigje-publike-per-akuzat-ndaj-policise","status":"publish","type":"post","link":"https:\/\/zjarr.tv\/en\/lleshaj-pergjigje-publike-per-akuzat-ndaj-policise\/","title":{"rendered":"Lleshaj: P\u00ebrgjigje publike p\u00ebr akuzat ndaj Policis\u00eb"},"content":{"rendered":"<p>Ministri i Brendsh\u00ebm, Sand\u00ebr Lleshaj ka publikuar pamjet nga protesta dje, ku pretendohet se policia ka ushtruar dhun\u00eb ndaj protestuesve q\u00eb jan\u00eb shtruar dhe n\u00eb spital. P\u00ebrmes nj\u00eb postimi n\u00eb \u201cTwitter\u201d, Lleshaj shkruan se frym\u00ebzuesit e dhun\u00ebs s\u00eb mbr\u00ebmshme mor\u00ebn nj\u00eb p\u00ebrgjigje publike rreth akuzave monstruoze kund\u00ebr Policis\u00eb.<\/p>\n<p>\u201cNga frym\u00ebzuesit dhe ekzekutuesit e dhun\u00ebs s\u00eb mbr\u00ebmshme, tashm\u00eb duhet nj\u00eb p\u00ebrgjigje publike p\u00ebr insinuat\u00ebn e akuzuave monstruoze kund\u00ebr Policis\u00eb, q\u00eb rezultuan n\u00eb nj\u00eb blof t\u00eb turpsh\u00ebm, t\u00eb ngjash\u00ebm me at\u00eb t\u00eb \u201c\u00e7adrave pistolet\u00eb\u201d t\u00eb 2011-\u00ebs.\u201d-shkruan Lleshaj, n\u00eb Twitter.<\/p>","protected":false},"excerpt":{"rendered":"<p>Ministri i Brendsh\u00ebm, Sand\u00ebr Lleshaj ka publikuar pamjet nga protesta dje, ku pretendohet se policia ka ushtruar dhun\u00eb ndaj protestuesve q\u00eb jan\u00eb shtruar dhe n\u00eb spital. P\u00ebrmes nj\u00eb postimi n\u00eb \u201cTwitter\u201d, Lleshaj shkruan se frym\u00ebzuesit e dhun\u00ebs s\u00eb mbr\u00ebmshme mor\u00ebn nj\u00eb p\u00ebrgjigje publike rreth akuzave monstruoze kund\u00ebr Policis\u00eb. \u201cNga frym\u00ebzuesit dhe ekzekutuesit e dhun\u00ebs s\u00eb [&hellip;]<\/p>\n","protected":false},"author":2013,"featured_media":0,"comment_status":"open","ping_status":"closed","sticky":false,"template":"","format":"standard","meta":{"footnotes":""},"categories":[241,235],"tags":[],"class_list":{"0":"post-87482","1":"post","2":"type-post","3":"status-publish","4":"format-standard","6":"category-aktualitet","7":"category-vendi"},"_links":{"self":[{"href":"https:\/\/zjarr.tv\/en\/wp-json\/wp\/v2\/posts\/87482","targetHints":{"allow":["GET"]}}],"collection":[{"href":"https:\/\/zjarr.tv\/en\/wp-json\/wp\/v2\/posts"}],"about":[{"href":"https:\/\/zjarr.tv\/en\/wp-json\/wp\/v2\/types\/post"}],"author":[{"embeddable":true,"href":"https:\/\/zjarr.tv\/en\/wp-json\/wp\/v2\/users\/2013"}],"replies":[{"embeddable":true,"href":"https:\/\/zjarr.tv\/en\/wp-json\/wp\/v2\/comments?post=87482"}],"version-history":[{"count":0,"href":"https:\/\/zjarr.tv\/en\/wp-json\/wp\/v2\/posts\/87482\/revisions"}],"wp:attachment":[{"href":"https:\/\/zjarr.tv\/en\/wp-json\/wp\/v2\/media?parent=87482"}],"wp:term":[{"taxonomy":"category","embeddable":true,"href":"https:\/\/zjarr.tv\/en\/wp-json\/wp\/v2\/categories?post=87482"},{"taxonomy":"post_tag","embeddable":true,"href":"https:\/\/zjarr.tv\/en\/wp-json\/wp\/v2\/tags?post=87482"}],"curies":[{"name":"wp","href":"https:\/\/api.w.org\/{rel}","templated":true}]}}