{"id":87487,"date":"2019-06-03T14:40:21","date_gmt":"2019-06-03T12:40:21","guid":{"rendered":"https:\/\/zjarr.tv\/?p=87487"},"modified":"2019-06-03T14:40:21","modified_gmt":"2019-06-03T12:40:21","slug":"thaci-dialogu-me-serbine-te-vazhdoje-pa-kushte-taksa-te-mbetet","status":"publish","type":"post","link":"https:\/\/zjarr.tv\/en\/thaci-dialogu-me-serbine-te-vazhdoje-pa-kushte-taksa-te-mbetet\/","title":{"rendered":"Tha\u00e7i: Dialogu me Serbin\u00eb t\u00eb vazhdoj\u00eb pa kushte, taksa t\u00eb mbetet"},"content":{"rendered":"<p>Presidenti i Kosov\u00ebs, Hashim Tha\u00e7i, priti sot k\u00ebshilltar\u00ebt diplomatik\u00eb t\u00eb presidentit t\u00eb Franc\u00ebs Emanuel Macron dhe kancelares gjermane Angela Merkel.<\/p>\n<p>Presidenti Tha\u00e7i mir\u00ebpriti angazhimin francezo-gjerman p\u00ebr takimin n\u00eb Paris, n\u00eb mes t\u00eb p\u00ebrfaq\u00ebsuesve t\u00eb shtetit t\u00eb Kosov\u00ebs dhe t\u00eb shtetit t\u00eb Serbis\u00eb, si dhe p\u00ebrpjekjet e presidentit Macron dhe kancelares Merkel p\u00ebr t\u00eb ndihmuar rifillimin e procesit t\u00eb dialogut n\u00ebn udh\u00ebheqjen e Bashkimit Evropian.<\/p>\n<p>Kreu i shtetit tw Kosovws tha se \u201c<em>dialogu duhet t\u00eb vazhdoj\u00eb pa kusht\u00ebzime dhe se tarifat duhet t\u00eb mbeten n\u00eb fuqi\u201d.<\/em><\/p>\n<p>Gjithashtu, presidenti u shpreh se\u00a0<em>\u201cKosova nuk do t\u00eb pranoj\u00eb kritere tjera p\u00ebr liberalizimin e vizave, sidomos jo n\u00eb form\u00eb t\u00eb k\u00ebrkesave p\u00ebr tarifat apo asociacionin\u201d.<\/em><\/p>\n<p>Presidenti Tha\u00e7i k\u00ebrkoi q\u00eb qytetar\u00ebt e Kosov\u00ebs t\u00eb mos mbahen t\u00eb izoluar padrejt\u00ebsisht dhe t\u00eb mos trajtohen si qytetar\u00eb t\u00eb dor\u00ebs s\u00eb dyt\u00eb.<\/p>\n<p>N\u00eb fund, presidenti Tha\u00e7i u shpreh se Kosova mbetet e p\u00ebrkushtuar p\u00ebr dialogun q\u00eb duhet t\u00eb p\u00ebrfundoj\u00eb me marr\u00ebveshjen paq\u00ebsore gjith\u00ebp\u00ebrfshir\u00ebse, e cila do t\u00eb sjell\u00eb njohjen reciproke mes Kosov\u00ebs dhe Serbis\u00eb, si dhe an\u00ebtar\u00ebsim t\u00eb Kosov\u00ebs n\u00eb Kombet e Bashkuara.<\/p>\n<p>&nbsp;<\/p>","protected":false},"excerpt":{"rendered":"<p>Presidenti i Kosov\u00ebs, Hashim Tha\u00e7i, priti sot k\u00ebshilltar\u00ebt diplomatik\u00eb t\u00eb presidentit t\u00eb Franc\u00ebs Emanuel Macron dhe kancelares gjermane Angela Merkel. Presidenti Tha\u00e7i mir\u00ebpriti angazhimin francezo-gjerman p\u00ebr takimin n\u00eb Paris, n\u00eb mes t\u00eb p\u00ebrfaq\u00ebsuesve t\u00eb shtetit t\u00eb Kosov\u00ebs dhe t\u00eb shtetit t\u00eb Serbis\u00eb, si dhe p\u00ebrpjekjet e presidentit Macron dhe kancelares Merkel p\u00ebr t\u00eb ndihmuar rifillimin [&hellip;]<\/p>\n","protected":false},"author":2013,"featured_media":69702,"comment_status":"open","ping_status":"closed","sticky":false,"template":"","format":"standard","meta":{"footnotes":""},"categories":[241,2],"tags":[],"class_list":{"0":"post-87487","1":"post","2":"type-post","3":"status-publish","4":"format-standard","5":"has-post-thumbnail","7":"category-aktualitet","8":"category-rajoni"},"_links":{"self":[{"href":"https:\/\/zjarr.tv\/en\/wp-json\/wp\/v2\/posts\/87487","targetHints":{"allow":["GET"]}}],"collection":[{"href":"https:\/\/zjarr.tv\/en\/wp-json\/wp\/v2\/posts"}],"about":[{"href":"https:\/\/zjarr.tv\/en\/wp-json\/wp\/v2\/types\/post"}],"author":[{"embeddable":true,"href":"https:\/\/zjarr.tv\/en\/wp-json\/wp\/v2\/users\/2013"}],"replies":[{"embeddable":true,"href":"https:\/\/zjarr.tv\/en\/wp-json\/wp\/v2\/comments?post=87487"}],"version-history":[{"count":0,"href":"https:\/\/zjarr.tv\/en\/wp-json\/wp\/v2\/posts\/87487\/revisions"}],"wp:featuredmedia":[{"embeddable":true,"href":"https:\/\/zjarr.tv\/en\/wp-json\/wp\/v2\/media\/69702"}],"wp:attachment":[{"href":"https:\/\/zjarr.tv\/en\/wp-json\/wp\/v2\/media?parent=87487"}],"wp:term":[{"taxonomy":"category","embeddable":true,"href":"https:\/\/zjarr.tv\/en\/wp-json\/wp\/v2\/categories?post=87487"},{"taxonomy":"post_tag","embeddable":true,"href":"https:\/\/zjarr.tv\/en\/wp-json\/wp\/v2\/tags?post=87487"}],"curies":[{"name":"wp","href":"https:\/\/api.w.org\/{rel}","templated":true}]}}