{"id":87495,"date":"2019-06-03T14:44:46","date_gmt":"2019-06-03T12:44:46","guid":{"rendered":"https:\/\/zjarr.tv\/?p=87495"},"modified":"2019-06-03T14:44:46","modified_gmt":"2019-06-03T12:44:46","slug":"i-dhuroi-champions-league-liverpool-mbulon-me-ar-jurgen-klopp","status":"publish","type":"post","link":"https:\/\/zjarr.tv\/en\/i-dhuroi-champions-league-liverpool-mbulon-me-ar-jurgen-klopp\/","title":{"rendered":"I dhuroi Champions League, Liverpool mbulon me ar Jurgen Klopp"},"content":{"rendered":"<p>Jurgen Klopp \u00ebsht\u00eb nj\u00eb nga trajner\u00ebt m\u00eb t\u00eb mir\u00eb t\u00eb bot\u00ebs. Ky nuk \u00ebhst\u00eb nj\u00eb \u201czbulim\u201d, por pasi udh\u00ebhoqi Liverpool drejt triumfit n\u00eb Champions League, shum\u00eb prej klubeve t\u00eb tjer\u00eb m\u00eb t\u00eb m\u00ebdhenj t\u00eb Europ\u00ebs \u00ebnd\u00ebrrojn\u00eb ta ken\u00eb at\u00eb n\u00eb pankin\u00ebn e skuadrave t\u00eb tyre. P\u00ebr k\u00ebt\u00eb arsye, Liverpool nuk do t\u2019i lejoj\u00eb vetes asnj\u00eb supriz\u00eb dhe sipas mediave angleze k\u00ebrkon ta \u201cblindoj\u00eb\u201d Jurgen Klopp.<\/p>\n<p>Duke q\u00ebndruar n\u00eb at\u00eb q\u00eb raportojn\u00eb t\u00eb p\u00ebrdit\u00ebshmet britanike, \u201cReds\u201d kan\u00eb gati ofert\u00ebn e re, q\u00eb zgjat me dy vjet t\u00eb tjer\u00eb kontrat\u00ebn e teklnikut. Aktualisht, Klopp \u00ebsht\u00eb i lidhur me Liverpool deri n\u00eb vitin 2022. Me kontrat\u00ebn e re q\u00eb do t\u2019i vendoset n\u00eb tavolin\u00eb p\u00ebr t\u00eb firmosur, trajneri gjerman do t\u00eb rriste ndjesh\u00ebm p\u00ebrfitimet e tij financiare.<\/p>","protected":false},"excerpt":{"rendered":"<p>Jurgen Klopp \u00ebsht\u00eb nj\u00eb nga trajner\u00ebt m\u00eb t\u00eb mir\u00eb t\u00eb bot\u00ebs. Ky nuk \u00ebhst\u00eb nj\u00eb \u201czbulim\u201d, por pasi udh\u00ebhoqi Liverpool drejt triumfit n\u00eb Champions League, shum\u00eb prej klubeve t\u00eb tjer\u00eb m\u00eb t\u00eb m\u00ebdhenj t\u00eb Europ\u00ebs \u00ebnd\u00ebrrojn\u00eb ta ken\u00eb at\u00eb n\u00eb pankin\u00ebn e skuadrave t\u00eb tyre. P\u00ebr k\u00ebt\u00eb arsye, Liverpool nuk do t\u2019i lejoj\u00eb vetes asnj\u00eb [&hellip;]<\/p>\n","protected":false},"author":2013,"featured_media":87496,"comment_status":"open","ping_status":"closed","sticky":false,"template":"","format":"standard","meta":{"footnotes":""},"categories":[241,192],"tags":[],"class_list":{"0":"post-87495","1":"post","2":"type-post","3":"status-publish","4":"format-standard","5":"has-post-thumbnail","7":"category-aktualitet","8":"category-sport"},"_links":{"self":[{"href":"https:\/\/zjarr.tv\/en\/wp-json\/wp\/v2\/posts\/87495","targetHints":{"allow":["GET"]}}],"collection":[{"href":"https:\/\/zjarr.tv\/en\/wp-json\/wp\/v2\/posts"}],"about":[{"href":"https:\/\/zjarr.tv\/en\/wp-json\/wp\/v2\/types\/post"}],"author":[{"embeddable":true,"href":"https:\/\/zjarr.tv\/en\/wp-json\/wp\/v2\/users\/2013"}],"replies":[{"embeddable":true,"href":"https:\/\/zjarr.tv\/en\/wp-json\/wp\/v2\/comments?post=87495"}],"version-history":[{"count":0,"href":"https:\/\/zjarr.tv\/en\/wp-json\/wp\/v2\/posts\/87495\/revisions"}],"wp:featuredmedia":[{"embeddable":true,"href":"https:\/\/zjarr.tv\/en\/wp-json\/wp\/v2\/media\/87496"}],"wp:attachment":[{"href":"https:\/\/zjarr.tv\/en\/wp-json\/wp\/v2\/media?parent=87495"}],"wp:term":[{"taxonomy":"category","embeddable":true,"href":"https:\/\/zjarr.tv\/en\/wp-json\/wp\/v2\/categories?post=87495"},{"taxonomy":"post_tag","embeddable":true,"href":"https:\/\/zjarr.tv\/en\/wp-json\/wp\/v2\/tags?post=87495"}],"curies":[{"name":"wp","href":"https:\/\/api.w.org\/{rel}","templated":true}]}}