{"id":87505,"date":"2019-06-03T14:57:30","date_gmt":"2019-06-03T12:57:30","guid":{"rendered":"https:\/\/zjarr.tv\/?p=87505"},"modified":"2019-06-03T14:57:30","modified_gmt":"2019-06-03T12:57:30","slug":"kerkesa-e-holandes-per-vizat-reagon-ke-rasti-i-pare-ndaj-nje-shteti-edhe-mund-te-nderpritet-levizja-e-lire","status":"publish","type":"post","link":"https:\/\/zjarr.tv\/en\/kerkesa-e-holandes-per-vizat-reagon-ke-rasti-i-pare-ndaj-nje-shteti-edhe-mund-te-nderpritet-levizja-e-lire\/","title":{"rendered":"K\u00ebrkesa e Holand\u00ebs p\u00ebr vizat, reagon KE: Rasti i par\u00eb ndaj nj\u00eb shteti, edhe mund t\u00eb nd\u00ebrpritet l\u00ebvizja e lir\u00eb\u2026"},"content":{"rendered":"<p>Natasha Bertaud, z\u00ebdh\u00ebn\u00ebse e Komisionit Europian ka reaguar lidhur me k\u00ebrkes\u00ebn e Holand\u00ebs p\u00ebr heqjen e vizave p\u00ebr shqiptar\u00ebt.<\/p>\n<p>N\u00eb reagimin e KE vendoset theksi se k\u00ebrkesa p\u00ebr rivendosjen e vizave \u00ebsht\u00eb p\u00ebr her\u00eb t\u00eb par\u00eb, ndaj nj\u00eb vendi q\u00eb ka p\u00ebrfituar m\u00eb par\u00eb l\u00ebvizjen e lir\u00eb.<\/p>\n<p>\u2018\u2019N\u00eb var\u00ebsi t\u00eb situat\u00ebs do t\u00eb shihet dhe sa do t\u00eb zgjas\u00eb procedura, kjo \u00ebsht\u00eb nj\u00eb k\u00ebrkes\u00eb q\u00eb b\u00ebhet p\u00ebr her\u00eb t\u00eb par\u00eb. Hapi yn\u00eb i radh\u00ebs \u00ebsht\u00eb t\u00eb njoftojm\u00eb K\u00ebshillin dhe Parlamentin. N\u00eb rast se kjo k\u00ebrkes\u00eb do t\u00eb miratohet, at\u00ebher\u00eb do t\u00eb pengohet l\u00ebvizja e lir\u00eb p\u00ebr qytetar\u00ebt shqiptar\u00eb. Ne do t\u00eb kryejm\u00eb nj\u00eb process t\u00eb plor\u00eb analizimi t\u00eb rrethanave dhe m\u00eb pas gjetjet do ia d\u00ebrgojm\u00eb Parlamentit\u201d,\u00a0\u00ebsht\u00eb shprehur z\u00ebdh\u00ebn\u00ebsja e KE.<\/p>\n<p>&nbsp;<\/p>","protected":false},"excerpt":{"rendered":"<p>Natasha Bertaud, z\u00ebdh\u00ebn\u00ebse e Komisionit Europian ka reaguar lidhur me k\u00ebrkes\u00ebn e Holand\u00ebs p\u00ebr heqjen e vizave p\u00ebr shqiptar\u00ebt. N\u00eb reagimin e KE vendoset theksi se k\u00ebrkesa p\u00ebr rivendosjen e vizave \u00ebsht\u00eb p\u00ebr her\u00eb t\u00eb par\u00eb, ndaj nj\u00eb vendi q\u00eb ka p\u00ebrfituar m\u00eb par\u00eb l\u00ebvizjen e lir\u00eb. \u2018\u2019N\u00eb var\u00ebsi t\u00eb situat\u00ebs do t\u00eb shihet dhe [&hellip;]<\/p>\n","protected":false},"author":2013,"featured_media":87506,"comment_status":"open","ping_status":"closed","sticky":false,"template":"","format":"standard","meta":{"footnotes":""},"categories":[241,235],"tags":[],"class_list":{"0":"post-87505","1":"post","2":"type-post","3":"status-publish","4":"format-standard","5":"has-post-thumbnail","7":"category-aktualitet","8":"category-vendi"},"_links":{"self":[{"href":"https:\/\/zjarr.tv\/en\/wp-json\/wp\/v2\/posts\/87505","targetHints":{"allow":["GET"]}}],"collection":[{"href":"https:\/\/zjarr.tv\/en\/wp-json\/wp\/v2\/posts"}],"about":[{"href":"https:\/\/zjarr.tv\/en\/wp-json\/wp\/v2\/types\/post"}],"author":[{"embeddable":true,"href":"https:\/\/zjarr.tv\/en\/wp-json\/wp\/v2\/users\/2013"}],"replies":[{"embeddable":true,"href":"https:\/\/zjarr.tv\/en\/wp-json\/wp\/v2\/comments?post=87505"}],"version-history":[{"count":0,"href":"https:\/\/zjarr.tv\/en\/wp-json\/wp\/v2\/posts\/87505\/revisions"}],"wp:featuredmedia":[{"embeddable":true,"href":"https:\/\/zjarr.tv\/en\/wp-json\/wp\/v2\/media\/87506"}],"wp:attachment":[{"href":"https:\/\/zjarr.tv\/en\/wp-json\/wp\/v2\/media?parent=87505"}],"wp:term":[{"taxonomy":"category","embeddable":true,"href":"https:\/\/zjarr.tv\/en\/wp-json\/wp\/v2\/categories?post=87505"},{"taxonomy":"post_tag","embeddable":true,"href":"https:\/\/zjarr.tv\/en\/wp-json\/wp\/v2\/tags?post=87505"}],"curies":[{"name":"wp","href":"https:\/\/api.w.org\/{rel}","templated":true}]}}