{"id":87510,"date":"2019-06-03T15:00:49","date_gmt":"2019-06-03T13:00:49","guid":{"rendered":"https:\/\/zjarr.tv\/?p=87510"},"modified":"2019-06-03T15:00:49","modified_gmt":"2019-06-03T13:00:49","slug":"gjyqtari-prek-topin-padashje-gjate-aksionit-miratohen-tete-rregulla-te-reja-ne-arbitrim","status":"publish","type":"post","link":"https:\/\/zjarr.tv\/en\/gjyqtari-prek-topin-padashje-gjate-aksionit-miratohen-tete-rregulla-te-reja-ne-arbitrim\/","title":{"rendered":"Gjyqtari prek topin padashje gjat\u00eb aksionit? Miratohen tet\u00eb rregulla t\u00eb reja n\u00eb arbitrim"},"content":{"rendered":"<p>Kongresi i Bordit Nd\u00ebrkomb\u00ebtar i arbitrimit ka miratuar rregulla t\u00eb reja p\u00ebr futbollin. Prej dit\u00ebs s\u00eb djeshme kan\u00eb hyr\u00eb n\u00eb fuqi dhe do t\u00eb zbatohen fillimisht n\u00eb Kampionatin Bot\u00ebror t\u00eb U-20, ku do t\u00eb shqyrtohen nga organ\u00ebt p\u00ebrkat\u00ebse t\u00eb FIFA-s.<\/p>\n<p>Prekja e topit nga gjyqtari q\u00eb ndikon drejtp\u00ebrdrejt\u00eb n\u00eb aksion, do t\u00eb prap\u00ebsoj\u00eb gjith\u00e7ka ku do t\u2019i kthehet sfera ekipit q\u00eb e kishte n\u00eb zot\u00ebrim. Gjithashtu do t\u00eb ket\u00eb edhe ndryshime t\u00eb tjera q\u00eb vijojn\u00eb si m\u00eb posht\u00eb:<\/p>\n<p>\u2013 Rregulli i par\u00eb ka t\u00eb b\u00ebj\u00eb me prekjen e topit prej gjyqtarit. N\u00ebse prej atij aksioni realizohet nj\u00eb sulm tjet\u00ebr p\u00ebr kund\u00ebrshtarin dhe sh\u00ebnohet gol, at\u00ebher\u00eb topi i kthehet ekipit q\u00eb e kishte n\u00eb zot\u00ebrim.<\/p>\n<p>\u2013 P\u00ebr t\u00eb shmangur sjelljet anti-sportive, sulmuesit duhet t\u00eb jen\u00eb t\u00eb pakt\u00ebn nj\u00eb met\u00ebr nga muri kund\u00ebrshtar, n\u00eb \u00e7do drejtim t\u00eb tij.<\/p>\n<p>\u2013 Kur portieri b\u00ebn rinisjen e loj\u00ebs nga zona e pes\u00eb met\u00ebrshit, lojtari kund\u00ebrshtar nuk do t\u00eb duhet t\u00eb pres\u00eb p\u00ebr t\u00eb l\u00ebn\u00eb zon\u00ebn e penalltis\u00eb. Futbollisti kund\u00ebrshtar mund t\u00eb nd\u00ebrhyj\u00eb sapo t\u00eb b\u00ebhet prekja e par\u00eb.<\/p>\n<p>\u00c7do prekje e topit me dor\u00eb n\u00eb gjat\u00eb goditjes s\u00eb d\u00ebnimit mbi lart\u00ebsin\u00eb e shpatull\u00ebs do t\u00eb jet\u00eb penallti, pavar\u00ebsisht n\u00ebse \u00ebsht\u00eb e q\u00ebllimshme apo jo.<\/p>\n<p>-Nuk do t\u00eb pranohet n\u00eb asnj\u00eb form\u00eb goli n\u00ebse realizohet me dor\u00eb, edhe n\u00ebse topi aksidentalisht ka prekur n\u00eb dor\u00ebn e lojtarit.<\/p>\n<p>-Trajner\u00ebt dhe lojtar\u00ebt n\u00eb stol tani e tutje do t\u00eb marrin karton\u00eb t\u00eb verdh\u00eb dhe t\u00eb kuq.<\/p>\n<p>-Lojtari q\u00eb e l\u00eb fush\u00ebn me rastin e z\u00ebvend\u00ebsimit, nuk duhet t\u00eb largohet n\u00eb mesfush\u00eb, por ku \u00ebsht\u00eb m\u00eb af\u00ebr.<\/p>\n<p>\u2013 Kund\u00ebrshtari duhet t\u00eb q\u00ebndroj\u00eb 4 met\u00ebr larg, n\u00eb momentin q\u00eb arbitri i jep topin futbollistit q\u00eb do ta luaj\u00eb at\u00eb.<\/p>\n<p>&nbsp;<\/p>","protected":false},"excerpt":{"rendered":"<p>Kongresi i Bordit Nd\u00ebrkomb\u00ebtar i arbitrimit ka miratuar rregulla t\u00eb reja p\u00ebr futbollin. Prej dit\u00ebs s\u00eb djeshme kan\u00eb hyr\u00eb n\u00eb fuqi dhe do t\u00eb zbatohen fillimisht n\u00eb Kampionatin Bot\u00ebror t\u00eb U-20, ku do t\u00eb shqyrtohen nga organ\u00ebt p\u00ebrkat\u00ebse t\u00eb FIFA-s. Prekja e topit nga gjyqtari q\u00eb ndikon drejtp\u00ebrdrejt\u00eb n\u00eb aksion, do t\u00eb prap\u00ebsoj\u00eb gjith\u00e7ka ku [&hellip;]<\/p>\n","protected":false},"author":2013,"featured_media":87511,"comment_status":"open","ping_status":"closed","sticky":false,"template":"","format":"standard","meta":{"footnotes":""},"categories":[241,192],"tags":[],"class_list":{"0":"post-87510","1":"post","2":"type-post","3":"status-publish","4":"format-standard","5":"has-post-thumbnail","7":"category-aktualitet","8":"category-sport"},"_links":{"self":[{"href":"https:\/\/zjarr.tv\/en\/wp-json\/wp\/v2\/posts\/87510","targetHints":{"allow":["GET"]}}],"collection":[{"href":"https:\/\/zjarr.tv\/en\/wp-json\/wp\/v2\/posts"}],"about":[{"href":"https:\/\/zjarr.tv\/en\/wp-json\/wp\/v2\/types\/post"}],"author":[{"embeddable":true,"href":"https:\/\/zjarr.tv\/en\/wp-json\/wp\/v2\/users\/2013"}],"replies":[{"embeddable":true,"href":"https:\/\/zjarr.tv\/en\/wp-json\/wp\/v2\/comments?post=87510"}],"version-history":[{"count":0,"href":"https:\/\/zjarr.tv\/en\/wp-json\/wp\/v2\/posts\/87510\/revisions"}],"wp:featuredmedia":[{"embeddable":true,"href":"https:\/\/zjarr.tv\/en\/wp-json\/wp\/v2\/media\/87511"}],"wp:attachment":[{"href":"https:\/\/zjarr.tv\/en\/wp-json\/wp\/v2\/media?parent=87510"}],"wp:term":[{"taxonomy":"category","embeddable":true,"href":"https:\/\/zjarr.tv\/en\/wp-json\/wp\/v2\/categories?post=87510"},{"taxonomy":"post_tag","embeddable":true,"href":"https:\/\/zjarr.tv\/en\/wp-json\/wp\/v2\/tags?post=87510"}],"curies":[{"name":"wp","href":"https:\/\/api.w.org\/{rel}","templated":true}]}}