{"id":87515,"date":"2019-06-03T18:30:01","date_gmt":"2019-06-03T16:30:01","guid":{"rendered":"https:\/\/zjarr.tv\/?p=87515"},"modified":"2019-06-03T15:04:30","modified_gmt":"2019-06-03T13:04:30","slug":"kryetarja-e-spd-se-gjermane-paralajmeron-doreheqjen-pas-deshtimit-ne-zgjedhjet-evropiane","status":"publish","type":"post","link":"https:\/\/zjarr.tv\/en\/kryetarja-e-spd-se-gjermane-paralajmeron-doreheqjen-pas-deshtimit-ne-zgjedhjet-evropiane\/","title":{"rendered":"Kryetarja e SPD-s\u00eb gjermane paralajm\u00ebron dor\u00ebheqjen pas d\u00ebshtimit n\u00eb zgjedhjet evropiane"},"content":{"rendered":"<p>Andrea Nahles, lidere e Partis\u00eb Social-Demokrate t\u00eb Gjermanis\u00eb (SPD), tha se do t\u00eb jap dor\u00ebheqje nga udh\u00ebheqja e partis\u00eb dhe si shefe e grupit parlamentar.<\/p>\n<p>Ky vendim vjen pasi partia e qendr\u00ebs s\u00eb majt\u00eb doli e treta n\u00eb zgjedhjet e Parlamentit Evropian, derisa partia Unioni Demo-Kristian e udh\u00ebhequr nga Angela Merkel doli e dyta, duke kryesuar me partin\u00eb T\u00eb Gjelbrit n\u00eb vendin e par\u00eb.<\/p>\n<p>Nahles ishte kritikuar p\u00ebr q\u00ebndrimin n\u00eb koalicion me partin\u00eb e Merkelit. N\u00eb nj\u00eb njoftim t\u00eb l\u00ebshuar nga SPD-ja, ajo tha se \u201cdiskutimet brenda Parlamentit dhe vler\u00ebsimi nga partia m\u00eb kan\u00eb treguar se nuk e kam m\u00eb p\u00ebrkrahjen e mjaftueshme p\u00ebr t\u00eb vazhduar me detyrat\u201d.<\/p>\n<p>Dor\u00ebheqja e saj ishte befasi p\u00ebr shkak se ajo u b\u00eb udh\u00ebheq\u00ebse e partis\u00eb n\u00eb prill t\u00eb vitit t\u00eb kaluar dhe pritej t\u00eb garonte p\u00ebr k\u00ebt\u00eb pozit\u00eb s\u00ebrish.<\/p>\n<p>Jav\u00ebn e kaluar, n\u00eb zgjedhjet e Bashkimit Evropian, partia e saj arriti rezultatin m\u00eb t\u00eb dob\u00ebt, m\u00eb pak se 16 p\u00ebrqind. Po ashtu, nj\u00eb sondazh shfaqi p\u00ebrkrahjen p\u00ebr SPD-n\u00eb vet\u00ebm 12 p\u00ebrqind. T\u00eb Gjelbrit kan\u00eb sh\u00ebnuar rezultatin m\u00eb t\u00eb madh duke mposhtur edhe partin\u00eb m\u00eb t\u00eb popullarizuar n\u00eb Gjermani, CDU.<\/p>\n<p>&nbsp;<\/p>","protected":false},"excerpt":{"rendered":"<p>Andrea Nahles, lidere e Partis\u00eb Social-Demokrate t\u00eb Gjermanis\u00eb (SPD), tha se do t\u00eb jap dor\u00ebheqje nga udh\u00ebheqja e partis\u00eb dhe si shefe e grupit parlamentar. Ky vendim vjen pasi partia e qendr\u00ebs s\u00eb majt\u00eb doli e treta n\u00eb zgjedhjet e Parlamentit Evropian, derisa partia Unioni Demo-Kristian e udh\u00ebhequr nga Angela Merkel doli e dyta, duke [&hellip;]<\/p>\n","protected":false},"author":2013,"featured_media":87516,"comment_status":"open","ping_status":"closed","sticky":false,"template":"","format":"standard","meta":{"footnotes":""},"categories":[241,191],"tags":[],"class_list":{"0":"post-87515","1":"post","2":"type-post","3":"status-publish","4":"format-standard","5":"has-post-thumbnail","7":"category-aktualitet","8":"category-bota"},"_links":{"self":[{"href":"https:\/\/zjarr.tv\/en\/wp-json\/wp\/v2\/posts\/87515","targetHints":{"allow":["GET"]}}],"collection":[{"href":"https:\/\/zjarr.tv\/en\/wp-json\/wp\/v2\/posts"}],"about":[{"href":"https:\/\/zjarr.tv\/en\/wp-json\/wp\/v2\/types\/post"}],"author":[{"embeddable":true,"href":"https:\/\/zjarr.tv\/en\/wp-json\/wp\/v2\/users\/2013"}],"replies":[{"embeddable":true,"href":"https:\/\/zjarr.tv\/en\/wp-json\/wp\/v2\/comments?post=87515"}],"version-history":[{"count":0,"href":"https:\/\/zjarr.tv\/en\/wp-json\/wp\/v2\/posts\/87515\/revisions"}],"wp:featuredmedia":[{"embeddable":true,"href":"https:\/\/zjarr.tv\/en\/wp-json\/wp\/v2\/media\/87516"}],"wp:attachment":[{"href":"https:\/\/zjarr.tv\/en\/wp-json\/wp\/v2\/media?parent=87515"}],"wp:term":[{"taxonomy":"category","embeddable":true,"href":"https:\/\/zjarr.tv\/en\/wp-json\/wp\/v2\/categories?post=87515"},{"taxonomy":"post_tag","embeddable":true,"href":"https:\/\/zjarr.tv\/en\/wp-json\/wp\/v2\/tags?post=87515"}],"curies":[{"name":"wp","href":"https:\/\/api.w.org\/{rel}","templated":true}]}}