{"id":87518,"date":"2019-06-03T18:40:15","date_gmt":"2019-06-03T16:40:15","guid":{"rendered":"https:\/\/zjarr.tv\/?p=87518"},"modified":"2019-06-03T15:05:51","modified_gmt":"2019-06-03T13:05:51","slug":"isis-pergjak-kabulin","status":"publish","type":"post","link":"https:\/\/zjarr.tv\/en\/isis-pergjak-kabulin\/","title":{"rendered":"ISIS p\u00ebrgjak Kabulin"},"content":{"rendered":"<p>Dy t\u00eb vdekur dhe 24 t\u00eb plagosur \u00ebsht\u00eb bilanci i nj\u00eb sulmi me bomb\u00eb n\u00eb kryeqytetin Afgan, Kabul. Sipas mediave lokale, t\u00eb pakt\u00ebn 3 bomba shp\u00ebthyen m\u00ebngjesin e sot\u00ebm.<\/p>\n<p>Bomba e par\u00eb ishte vendosur n\u00eb nj\u00eb autobus ku ndodheshin student\u00eb t\u00eb nj\u00eb universiteti. Bomba n\u00eb autobus shp\u00ebrtheu pran\u00eb nj\u00eb zone banimi n\u00eb per\u00ebndim t\u00eb Kabulit, duke vrar\u00eb nj\u00eb person.<\/p>\n<p>Nd\u00ebrkoh\u00eb, dy bomba shp\u00ebrthyen 20 minuta me vones\u00eb, tha z\u00ebvend\u00ebsi i Ministris\u00eb s\u00eb Brendsh\u00ebm, Nasrat Rahimi. Personi i dyt\u00eb ka vdekur n\u00eb spital dhe nuk \u00ebsht\u00eb e qart\u00eb se n\u00eb cil\u00ebn nga sulmet mbeti i l\u00ebnduar r\u00ebnd\u00eb. Mes t\u00eb plagosurve jan\u00eb edhe dy gazetar\u00eb.<\/p>\n<p>P\u00ebrgjegj\u00ebsin\u00eb e sulmit e mori shteti islamik (ISIS), duke th\u00ebn\u00eb se autobusi transportonte. Koh\u00ebt e fundit, qyteti Afgan \u00ebsht\u00eb tronditur nga nj\u00eb s\u00ebr shp\u00ebrthimesh dhe sulmesh vet\u00ebvras\u00ebse nga ISIS dhe teleban\u00ebt.<\/p>\n<p>T\u00eb premten, nj\u00eb taleban bombardues i makinave vet\u00ebvras\u00ebse vrau kat\u00ebr civil\u00eb afgan\u00eb. Nj\u00eb dit\u00eb m\u00eb par\u00eb, gjasht\u00eb vet\u00eb u vran\u00eb n\u00eb nj\u00eb sulm nga ISIS ku nj\u00eb burr\u00eb hodhi veten jasht\u00eb nj\u00eb akade afgane t\u00eb ushtris\u00eb.<\/p>\n<p>&nbsp;<\/p>","protected":false},"excerpt":{"rendered":"<p>Dy t\u00eb vdekur dhe 24 t\u00eb plagosur \u00ebsht\u00eb bilanci i nj\u00eb sulmi me bomb\u00eb n\u00eb kryeqytetin Afgan, Kabul. Sipas mediave lokale, t\u00eb pakt\u00ebn 3 bomba shp\u00ebthyen m\u00ebngjesin e sot\u00ebm. Bomba e par\u00eb ishte vendosur n\u00eb nj\u00eb autobus ku ndodheshin student\u00eb t\u00eb nj\u00eb universiteti. Bomba n\u00eb autobus shp\u00ebrtheu pran\u00eb nj\u00eb zone banimi n\u00eb per\u00ebndim t\u00eb Kabulit, [&hellip;]<\/p>\n","protected":false},"author":2013,"featured_media":87519,"comment_status":"open","ping_status":"closed","sticky":false,"template":"","format":"standard","meta":{"footnotes":""},"categories":[241,191],"tags":[],"class_list":{"0":"post-87518","1":"post","2":"type-post","3":"status-publish","4":"format-standard","5":"has-post-thumbnail","7":"category-aktualitet","8":"category-bota"},"_links":{"self":[{"href":"https:\/\/zjarr.tv\/en\/wp-json\/wp\/v2\/posts\/87518","targetHints":{"allow":["GET"]}}],"collection":[{"href":"https:\/\/zjarr.tv\/en\/wp-json\/wp\/v2\/posts"}],"about":[{"href":"https:\/\/zjarr.tv\/en\/wp-json\/wp\/v2\/types\/post"}],"author":[{"embeddable":true,"href":"https:\/\/zjarr.tv\/en\/wp-json\/wp\/v2\/users\/2013"}],"replies":[{"embeddable":true,"href":"https:\/\/zjarr.tv\/en\/wp-json\/wp\/v2\/comments?post=87518"}],"version-history":[{"count":0,"href":"https:\/\/zjarr.tv\/en\/wp-json\/wp\/v2\/posts\/87518\/revisions"}],"wp:featuredmedia":[{"embeddable":true,"href":"https:\/\/zjarr.tv\/en\/wp-json\/wp\/v2\/media\/87519"}],"wp:attachment":[{"href":"https:\/\/zjarr.tv\/en\/wp-json\/wp\/v2\/media?parent=87518"}],"wp:term":[{"taxonomy":"category","embeddable":true,"href":"https:\/\/zjarr.tv\/en\/wp-json\/wp\/v2\/categories?post=87518"},{"taxonomy":"post_tag","embeddable":true,"href":"https:\/\/zjarr.tv\/en\/wp-json\/wp\/v2\/tags?post=87518"}],"curies":[{"name":"wp","href":"https:\/\/api.w.org\/{rel}","templated":true}]}}