{"id":87543,"date":"2019-06-03T15:23:08","date_gmt":"2019-06-03T13:23:08","guid":{"rendered":"https:\/\/zjarr.tv\/?p=87543"},"modified":"2019-06-03T15:23:08","modified_gmt":"2019-06-03T13:23:08","slug":"vodhen-farmacine-arrestohet-nje-prej-autoreve","status":"publish","type":"post","link":"https:\/\/zjarr.tv\/en\/vodhen-farmacine-arrestohet-nje-prej-autoreve\/","title":{"rendered":"Vodh\u00ebn farmacin\u00eb, arrestohet nj\u00eb prej autor\u00ebve"},"content":{"rendered":"<p>\u00cbsht\u00eb arrestuar nj\u00eb prej autor\u00ebve t\u00eb grabitjes s\u00eb nj\u00eb farmacie n\u00eb qytetin e Vlor\u00ebs. 37-vje\u00e7ari me iniciale R.A., n\u00eb bashk\u00ebpunim me 3 persona t\u00eb tjer\u00eb kan\u00eb vjedhur farmacin\u00eb.N\u00eb cil\u00ebsin\u00eb e prov\u00ebs materiale policia sekuestroi 2 kriko, 1 ka\u00e7avide dhe nj\u00eb pal\u00eb dorashka.P\u00ebr t\u00eb arrestuarin po merren masat e m\u00ebtejshme, nd\u00ebrkoh\u00eb q\u00eb vazhdon k\u00ebrkimi p\u00ebr personat e tjer\u00eb t\u00eb p\u00ebrfshir\u00eb n\u00eb ngjarje.<\/p>\n<p>&nbsp;<\/p>","protected":false},"excerpt":{"rendered":"<p>\u00cbsht\u00eb arrestuar nj\u00eb prej autor\u00ebve t\u00eb grabitjes s\u00eb nj\u00eb farmacie n\u00eb qytetin e Vlor\u00ebs. 37-vje\u00e7ari me iniciale R.A., n\u00eb bashk\u00ebpunim me 3 persona t\u00eb tjer\u00eb kan\u00eb vjedhur farmacin\u00eb.N\u00eb cil\u00ebsin\u00eb e prov\u00ebs materiale policia sekuestroi 2 kriko, 1 ka\u00e7avide dhe nj\u00eb pal\u00eb dorashka.P\u00ebr t\u00eb arrestuarin po merren masat e m\u00ebtejshme, nd\u00ebrkoh\u00eb q\u00eb vazhdon k\u00ebrkimi p\u00ebr personat [&hellip;]<\/p>\n","protected":false},"author":2013,"featured_media":52664,"comment_status":"open","ping_status":"closed","sticky":false,"template":"","format":"standard","meta":{"footnotes":""},"categories":[241,235],"tags":[],"class_list":{"0":"post-87543","1":"post","2":"type-post","3":"status-publish","4":"format-standard","5":"has-post-thumbnail","7":"category-aktualitet","8":"category-vendi"},"_links":{"self":[{"href":"https:\/\/zjarr.tv\/en\/wp-json\/wp\/v2\/posts\/87543","targetHints":{"allow":["GET"]}}],"collection":[{"href":"https:\/\/zjarr.tv\/en\/wp-json\/wp\/v2\/posts"}],"about":[{"href":"https:\/\/zjarr.tv\/en\/wp-json\/wp\/v2\/types\/post"}],"author":[{"embeddable":true,"href":"https:\/\/zjarr.tv\/en\/wp-json\/wp\/v2\/users\/2013"}],"replies":[{"embeddable":true,"href":"https:\/\/zjarr.tv\/en\/wp-json\/wp\/v2\/comments?post=87543"}],"version-history":[{"count":0,"href":"https:\/\/zjarr.tv\/en\/wp-json\/wp\/v2\/posts\/87543\/revisions"}],"wp:featuredmedia":[{"embeddable":true,"href":"https:\/\/zjarr.tv\/en\/wp-json\/wp\/v2\/media\/52664"}],"wp:attachment":[{"href":"https:\/\/zjarr.tv\/en\/wp-json\/wp\/v2\/media?parent=87543"}],"wp:term":[{"taxonomy":"category","embeddable":true,"href":"https:\/\/zjarr.tv\/en\/wp-json\/wp\/v2\/categories?post=87543"},{"taxonomy":"post_tag","embeddable":true,"href":"https:\/\/zjarr.tv\/en\/wp-json\/wp\/v2\/tags?post=87543"}],"curies":[{"name":"wp","href":"https:\/\/api.w.org\/{rel}","templated":true}]}}