{"id":87546,"date":"2019-06-03T15:26:34","date_gmt":"2019-06-03T13:26:34","guid":{"rendered":"https:\/\/zjarr.tv\/?p=87546"},"modified":"2019-06-03T15:26:34","modified_gmt":"2019-06-03T13:26:34","slug":"balaj-ndihemi-te-lumtur-me-rejen-skema-me-dy-sulmues-perfekte","status":"publish","type":"post","link":"https:\/\/zjarr.tv\/en\/balaj-ndihemi-te-lumtur-me-rejen-skema-me-dy-sulmues-perfekte\/","title":{"rendered":"Balaj: Ndihemi t\u00eb lumtur me Rej\u00ebn, skema me dy sulmues perfekte"},"content":{"rendered":"<p>N\u00eb Frankfurt t\u00eb Gjermanis\u00eb u zhvillua konferenc\u00eb e par\u00eb p\u00ebr shtyp e Komb\u00ebtares Shqiptare, ku para medieve dol\u00ebn Bekim Balaj dhe Frederik Veseli.<\/p>\n<p>Sulmuesi shkodran theksoi se kuqezinjt\u00eb i kan\u00eb t\u00eb gjitha shanset p\u00ebr t\u00eb grumbulluar pik\u00ebt maksimale ndaj Island\u00ebs dhe Moldavis\u00eb.<\/p>\n<p>\u201c\u00c7do gj\u00eb po shkon mir\u00eb dhe po p\u00ebrgatitemi maksimalisht. Jemi t\u00eb fokusuar dhe duam rezultate t\u00eb mira n\u00eb dy ndeshjet e ardhshme\u201d, tha fillimisht ai.<\/p>\n<p><strong>Atmosfer\u00eb pozitive:<\/strong>\u00a0Gj\u00ebrat kan\u00eb ndryshuar, kemi nj\u00eb trajner i ri dhe metod\u00eb t\u00eb re pune. \u00cbsht\u00eb e kuptueshme se n\u00eb \u00e7do ekip ndodh di\u00e7ka e till\u00eb kur nd\u00ebrrohen trajneri. Jemi t\u00eb gatsh\u00ebm dhe duhet t\u00eb b\u00ebjm\u00eb mir\u00eb. E r\u00ebnd\u00ebsishme \u00ebsht\u00eb q\u00eb po e shijojm\u00eb k\u00ebt\u00eb moment.<\/p>\n<p><strong>Rreshtimi m\u00eb Rejan:<\/strong>\u00a0Reja e ka hedhur si opsion skem\u00ebn 3-5-2. Nuk kemi menduar vet\u00ebm k\u00ebt\u00eb modul. Po shohim opsione dhe lojtar\u00eb t\u00eb ndrysh\u00ebm. E r\u00ebnd\u00ebsishme p\u00ebr ne \u00ebsht\u00eb t\u00eb japim m\u00eb t\u00eb mir\u00ebn. Kemi luajtur me 1 sulmues, por misteri ka hedhur opsionin t\u00eb luajm\u00eb me dy. Bashk\u00ebpunimi dhe mund\u00ebsia p\u00ebr t\u00eb sh\u00ebnuar do t\u00eb jet\u00eb m\u00eb e madhe.<\/p>\n<p><strong>Grumbullimi i Cikalleshit:<\/strong>\u00a0Ne jemi p\u00ebr interes t\u00eb p\u00ebrbashk\u00ebt, q\u00eb t\u00eb arrijm\u00eb maksimumin. Ardhja e Cikalleshit i b\u00ebn mir\u00eb ekipit dhe na ndihmon p\u00ebr arritjen e objektivave.<\/p>\n<p>&nbsp;<\/p>","protected":false},"excerpt":{"rendered":"<p>N\u00eb Frankfurt t\u00eb Gjermanis\u00eb u zhvillua konferenc\u00eb e par\u00eb p\u00ebr shtyp e Komb\u00ebtares Shqiptare, ku para medieve dol\u00ebn Bekim Balaj dhe Frederik Veseli. Sulmuesi shkodran theksoi se kuqezinjt\u00eb i kan\u00eb t\u00eb gjitha shanset p\u00ebr t\u00eb grumbulluar pik\u00ebt maksimale ndaj Island\u00ebs dhe Moldavis\u00eb. \u201c\u00c7do gj\u00eb po shkon mir\u00eb dhe po p\u00ebrgatitemi maksimalisht. Jemi t\u00eb fokusuar dhe [&hellip;]<\/p>\n","protected":false},"author":2013,"featured_media":51892,"comment_status":"open","ping_status":"closed","sticky":false,"template":"","format":"standard","meta":{"footnotes":""},"categories":[241,192],"tags":[],"class_list":{"0":"post-87546","1":"post","2":"type-post","3":"status-publish","4":"format-standard","5":"has-post-thumbnail","7":"category-aktualitet","8":"category-sport"},"_links":{"self":[{"href":"https:\/\/zjarr.tv\/en\/wp-json\/wp\/v2\/posts\/87546","targetHints":{"allow":["GET"]}}],"collection":[{"href":"https:\/\/zjarr.tv\/en\/wp-json\/wp\/v2\/posts"}],"about":[{"href":"https:\/\/zjarr.tv\/en\/wp-json\/wp\/v2\/types\/post"}],"author":[{"embeddable":true,"href":"https:\/\/zjarr.tv\/en\/wp-json\/wp\/v2\/users\/2013"}],"replies":[{"embeddable":true,"href":"https:\/\/zjarr.tv\/en\/wp-json\/wp\/v2\/comments?post=87546"}],"version-history":[{"count":0,"href":"https:\/\/zjarr.tv\/en\/wp-json\/wp\/v2\/posts\/87546\/revisions"}],"wp:featuredmedia":[{"embeddable":true,"href":"https:\/\/zjarr.tv\/en\/wp-json\/wp\/v2\/media\/51892"}],"wp:attachment":[{"href":"https:\/\/zjarr.tv\/en\/wp-json\/wp\/v2\/media?parent=87546"}],"wp:term":[{"taxonomy":"category","embeddable":true,"href":"https:\/\/zjarr.tv\/en\/wp-json\/wp\/v2\/categories?post=87546"},{"taxonomy":"post_tag","embeddable":true,"href":"https:\/\/zjarr.tv\/en\/wp-json\/wp\/v2\/tags?post=87546"}],"curies":[{"name":"wp","href":"https:\/\/api.w.org\/{rel}","templated":true}]}}