{"id":87556,"date":"2019-06-03T15:36:08","date_gmt":"2019-06-03T13:36:08","guid":{"rendered":"https:\/\/zjarr.tv\/?p=87556"},"modified":"2019-06-03T15:36:08","modified_gmt":"2019-06-03T13:36:08","slug":"arratisen-4-te-burgosur-shqiptare-ne-greqi-kapet-njeri-prej-tyre","status":"publish","type":"post","link":"https:\/\/zjarr.tv\/en\/arratisen-4-te-burgosur-shqiptare-ne-greqi-kapet-njeri-prej-tyre\/","title":{"rendered":"Arratisen 4 t\u00eb burgosur shqiptar\u00eb n\u00eb Greqi, kapet nj\u00ebri prej tyre"},"content":{"rendered":"<p>N\u00eb 07.30 t\u00eb m\u00ebngjesit t\u00eb sot\u00ebm u arrestua nj\u00eb nga 4 t\u00eb arratisurit shqiptar\u00eb. Sot n\u00eb or\u00ebn 04.00 t\u00eb m\u00ebngjesit 4 shqiptar\u00eb\u00a0 t\u00eb vendosur p\u00ebrkoh\u00ebsisht n\u00eb burgun e transferimit jan\u00eb arratisur, pasi pak dit\u00eb m\u00eb par\u00eb ishin implikuar n\u00eb episode t\u00eb dhunshme n\u00eb burgun Koridhalos. Ata fillimisht kan\u00eb thirrur rojet p\u00ebr ndihm\u00eb kur nj\u00eb prej tyre u shtri n\u00eb shesh dhe b\u00ebnte t\u00eb s\u00ebmurin.<\/p>\n<p>Sapo rojet hyn\u00eb n\u00eb qeli, i k\u00ebrc\u00ebnuan me thik\u00eb t\u00eb improvizuar, u mor\u00ebn arm\u00ebt dhe celular\u00ebt dhe i mbyll\u00ebn brenda.<\/p>\n<p>M\u00eb pas zbrit\u00ebn n\u00eb katin e par\u00eb, ku k\u00ebrc\u00ebnuan nj\u00eb tjet\u00ebr polic q\u00eb ndodhej n\u00eb makin\u00ebn e transferimit, mor\u00ebn makin\u00ebn dhe u drejtuan n\u00eb hyrjen e burgut ku p\u00ebrs\u00ebri k\u00ebrc\u00ebnuan me arm\u00eb rojen.<\/p>\n<p>B\u00ebhet e ditur se t\u00eb arratisurit mor\u00ebn arm\u00eb dhe celular\u00eb, t\u00eb cilat u p\u00ebrdor\u00ebn n\u00eb shk\u00ebmbim zjarri, pa t\u00eb plagosur. T\u00eb arratisurit braktis\u00ebn makin\u00ebn e policis\u00eb pak metra larg burgut dhe u larguan n\u00eb drejtim t\u00eb panjohur. N\u00eb operacionin masiv policor p\u00ebrdoren dhe helikopter\u00eb q\u00eb mbulojn\u00eb nga or\u00ebt e para t\u00eb m\u00ebngjesit gjith\u00eb Athin\u00ebn.<\/p>\n<p>&nbsp;<\/p>","protected":false},"excerpt":{"rendered":"<p>N\u00eb 07.30 t\u00eb m\u00ebngjesit t\u00eb sot\u00ebm u arrestua nj\u00eb nga 4 t\u00eb arratisurit shqiptar\u00eb. Sot n\u00eb or\u00ebn 04.00 t\u00eb m\u00ebngjesit 4 shqiptar\u00eb\u00a0 t\u00eb vendosur p\u00ebrkoh\u00ebsisht n\u00eb burgun e transferimit jan\u00eb arratisur, pasi pak dit\u00eb m\u00eb par\u00eb ishin implikuar n\u00eb episode t\u00eb dhunshme n\u00eb burgun Koridhalos. Ata fillimisht kan\u00eb thirrur rojet p\u00ebr ndihm\u00eb kur nj\u00eb prej [&hellip;]<\/p>\n","protected":false},"author":2013,"featured_media":82089,"comment_status":"open","ping_status":"closed","sticky":false,"template":"","format":"standard","meta":{"footnotes":""},"categories":[241,2],"tags":[],"class_list":{"0":"post-87556","1":"post","2":"type-post","3":"status-publish","4":"format-standard","5":"has-post-thumbnail","7":"category-aktualitet","8":"category-rajoni"},"_links":{"self":[{"href":"https:\/\/zjarr.tv\/en\/wp-json\/wp\/v2\/posts\/87556","targetHints":{"allow":["GET"]}}],"collection":[{"href":"https:\/\/zjarr.tv\/en\/wp-json\/wp\/v2\/posts"}],"about":[{"href":"https:\/\/zjarr.tv\/en\/wp-json\/wp\/v2\/types\/post"}],"author":[{"embeddable":true,"href":"https:\/\/zjarr.tv\/en\/wp-json\/wp\/v2\/users\/2013"}],"replies":[{"embeddable":true,"href":"https:\/\/zjarr.tv\/en\/wp-json\/wp\/v2\/comments?post=87556"}],"version-history":[{"count":0,"href":"https:\/\/zjarr.tv\/en\/wp-json\/wp\/v2\/posts\/87556\/revisions"}],"wp:featuredmedia":[{"embeddable":true,"href":"https:\/\/zjarr.tv\/en\/wp-json\/wp\/v2\/media\/82089"}],"wp:attachment":[{"href":"https:\/\/zjarr.tv\/en\/wp-json\/wp\/v2\/media?parent=87556"}],"wp:term":[{"taxonomy":"category","embeddable":true,"href":"https:\/\/zjarr.tv\/en\/wp-json\/wp\/v2\/categories?post=87556"},{"taxonomy":"post_tag","embeddable":true,"href":"https:\/\/zjarr.tv\/en\/wp-json\/wp\/v2\/tags?post=87556"}],"curies":[{"name":"wp","href":"https:\/\/api.w.org\/{rel}","templated":true}]}}