{"id":87571,"date":"2019-06-03T15:58:29","date_gmt":"2019-06-03T13:58:29","guid":{"rendered":"https:\/\/zjarr.tv\/?p=87571"},"modified":"2019-06-03T15:58:29","modified_gmt":"2019-06-03T13:58:29","slug":"taulant-muka-peticion-metes-per-gjinushin-mos-e-dekreto","status":"publish","type":"post","link":"https:\/\/zjarr.tv\/en\/taulant-muka-peticion-metes-per-gjinushin-mos-e-dekreto\/","title":{"rendered":"Taulant Muka peticion Met\u00ebs p\u00ebr Gjinushin: Mos e dekreto!"},"content":{"rendered":"<p><em>Rreth 500 persona kan\u00eb mb\u00ebshtetur peticionin p\u00ebr mosdekretimin e Sk\u00ebnder Gjinushit n\u00eb krye t\u00eb Akademis\u00eb s\u00eb Shkencave. Nisma \u00ebsht\u00eb nd\u00ebrmarr\u00eb nga studiuesi Taulant Muka, i cili shprehet se zgjedhja e Gjinushit \u00ebsht\u00eb tregues i shkat\u00ebrrimit t\u00eb m\u00ebtejsh\u00ebm t\u00eb k\u00ebtij institucioni dhe kapjes s\u00eb tij nga politika.<\/em><\/p>\n<p>Prej disa dit\u00ebsh, ka nisur firmosja online e k\u00ebtij peticioni ku i k\u00ebrkohet Presidentit, Ilir Meta, t\u00eb mos dekretoj\u00eb kryetarin e ri t\u00eb Akademis\u00eb s\u00eb Shkencave, Sk\u00ebnder Gjinushin.<\/p>\n<p>Nisma q\u00eb \u00ebsht\u00eb nd\u00ebrmarr\u00eb nga studiuesi,Taulant Muka, ka marr\u00eb mb\u00ebshtetjen e afro 500 personave.<\/p>\n<p><em>Taulant Muka:\u00a0Zoti Gjinushi ka zero kontribut n\u00eb shkenc\u00eb, nuk ka asnj\u00eb produkt shkencor p\u00ebr t\u00eb qen\u00eb n\u00eb krye t\u00eb Akademis\u00eb s\u00eb Shkencave dhe prandaj ju drejtova me nj\u00eb peticion zotit President p\u00ebr t\u00eb ushtruar jo vet\u00ebm detyr\u00ebn e tij morale n\u00eb k\u00ebt\u00eb rast por detyr\u00ebn e tij konstitucionale p\u00ebr ti th\u00ebn\u00eb jo em\u00ebrimit n\u00eb shkenc\u00eb t\u00eb nj\u00eb personi anonim dhe partiak, n\u00eb krye t\u00eb institucionit t\u00eb Akademis\u00eb s\u00eb Shkencave dhe p\u00ebr ti th\u00ebn\u00eb jo shkat\u00ebrrimit t\u00eb m\u00ebtejsh\u00ebm t\u00eb shkenc\u00ebs n\u00eb Shqip\u00ebri.<\/em><\/p>\n<p>P\u00ebr, Taulant Muk\u00ebn, zgjedhja e Gjinushit n\u00eb krye t\u00eb Akademis\u00eb s\u00eb Shkencave \u00ebsht\u00eb tregues i shkat\u00ebrrimit t\u00eb m\u00ebtejsh\u00ebm t\u00eb k\u00ebtij institucioni dhe kapjes s\u00eb tij nga politika.<\/p>\n<p>Sipas t\u00eb dh\u00ebnave rezulton se n\u00eb 10 vitet e fundit Akademia e Shkencave t\u00eb Shqip\u00ebris\u00eb ka patur vet\u00ebm 22 produkte shkencore, shum\u00eb larg institucioneve simotra n\u00eb rajon, p\u00ebr shembull Akademia e Shkencave t\u00eb Serbis\u00eb num\u00ebron 1493 publikime p\u00ebr t\u00eb nj\u00ebjt\u00ebn periudh\u00eb kohore.<\/p>\n<p>Sk\u00ebnder Gjinushi u zgjodh n\u00eb krye t\u00eb Akademis\u00eb m\u00eb 24 maj, n\u00eb nj\u00eb gar\u00eb pa kandidat\u00eb.<\/p>\n<p>Por pavar\u00ebsisht se ka deklaruar dor\u00ebheqjen nga funksionet drejtuese n\u00eb Partin\u00eb Social Demokrate, kjo forc\u00eb politike rezulton e regjistruar n\u00eb zgjedhjet vendore t\u00eb 30 qershorit.<\/p>\n<p>&nbsp;<\/p>","protected":false},"excerpt":{"rendered":"<p>Rreth 500 persona kan\u00eb mb\u00ebshtetur peticionin p\u00ebr mosdekretimin e Sk\u00ebnder Gjinushit n\u00eb krye t\u00eb Akademis\u00eb s\u00eb Shkencave. Nisma \u00ebsht\u00eb nd\u00ebrmarr\u00eb nga studiuesi Taulant Muka, i cili shprehet se zgjedhja e Gjinushit \u00ebsht\u00eb tregues i shkat\u00ebrrimit t\u00eb m\u00ebtejsh\u00ebm t\u00eb k\u00ebtij institucioni dhe kapjes s\u00eb tij nga politika. Prej disa dit\u00ebsh, ka nisur firmosja online e k\u00ebtij [&hellip;]<\/p>\n","protected":false},"author":2013,"featured_media":0,"comment_status":"open","ping_status":"closed","sticky":false,"template":"","format":"standard","meta":{"footnotes":""},"categories":[241,235],"tags":[],"class_list":{"0":"post-87571","1":"post","2":"type-post","3":"status-publish","4":"format-standard","6":"category-aktualitet","7":"category-vendi"},"_links":{"self":[{"href":"https:\/\/zjarr.tv\/en\/wp-json\/wp\/v2\/posts\/87571","targetHints":{"allow":["GET"]}}],"collection":[{"href":"https:\/\/zjarr.tv\/en\/wp-json\/wp\/v2\/posts"}],"about":[{"href":"https:\/\/zjarr.tv\/en\/wp-json\/wp\/v2\/types\/post"}],"author":[{"embeddable":true,"href":"https:\/\/zjarr.tv\/en\/wp-json\/wp\/v2\/users\/2013"}],"replies":[{"embeddable":true,"href":"https:\/\/zjarr.tv\/en\/wp-json\/wp\/v2\/comments?post=87571"}],"version-history":[{"count":0,"href":"https:\/\/zjarr.tv\/en\/wp-json\/wp\/v2\/posts\/87571\/revisions"}],"wp:attachment":[{"href":"https:\/\/zjarr.tv\/en\/wp-json\/wp\/v2\/media?parent=87571"}],"wp:term":[{"taxonomy":"category","embeddable":true,"href":"https:\/\/zjarr.tv\/en\/wp-json\/wp\/v2\/categories?post=87571"},{"taxonomy":"post_tag","embeddable":true,"href":"https:\/\/zjarr.tv\/en\/wp-json\/wp\/v2\/tags?post=87571"}],"curies":[{"name":"wp","href":"https:\/\/api.w.org\/{rel}","templated":true}]}}