{"id":87576,"date":"2019-06-03T16:02:41","date_gmt":"2019-06-03T14:02:41","guid":{"rendered":"https:\/\/zjarr.tv\/?p=87576"},"modified":"2019-06-03T16:02:41","modified_gmt":"2019-06-03T14:02:41","slug":"ekzekutoi-3-persona-ne-1993-kapet-shqiptari-i-shumekerkuar","status":"publish","type":"post","link":"https:\/\/zjarr.tv\/en\/ekzekutoi-3-persona-ne-1993-kapet-shqiptari-i-shumekerkuar\/","title":{"rendered":"Ekzekutoi 3 persona n\u00eb 1993, kapet shqiptari i shum\u00ebk\u00ebrkuar"},"content":{"rendered":"<p>Policia e Shtetit n\u00eb bashk\u00ebpunim me at\u00eb italiane ka v\u00ebn\u00eb n\u00eb\u00a0 pranga nj\u00eb 49-vje\u00e7ar shqiptar, i cili 26 vite m\u00eb par\u00eb ekzekutoi tre persona dhe m\u00eb pas u arratis pa adres\u00eb.<\/p>\n<p>Sipas Policis\u00eb, i arrestuari, Bardh Lula (Luli),\u00a0 fshihej n\u00eb Itali me nj\u00eb identiteti boshnjak, nd\u00ebrsa me 12 qershor t\u00eb 1993, ai ka vrar\u00eb me arm\u00eb zjarri p\u00ebr motive t\u00eb dob\u00ebta shtetasit\u00a0 N.L. , P.L. dhe M.L.\u00a0 Aktualisht policia ka nisur procedurat e ekstradimit drejt Shqip\u00ebris\u00eb, nd\u00ebrsa gjykata e ka d\u00ebnuar n\u00eb munges\u00eb 49-vje\u00e7arin me burgim t\u00eb p\u00ebrjetsh\u00ebm.<\/p>\n<p>\u201cTjet\u00ebr operacion nd\u00ebrkomb\u00ebtar fal\u00eb bashk\u00ebpunimit t\u00eb Policis\u00eb s\u00eb Shtetit\u00a0\u00a0 me homolog\u00ebt italian\u00eb.Finalizohet operacioni nd\u00ebrkomb\u00ebtar i koduar \u201c\u00cbanted 3\u201d. Operacioni i zhvilluar dhe finalizuar n\u00eb Itali fal\u00eb bashk\u00ebpunimit t\u00eb\u00a0 Interpol Tirana me Interpol Rom\u00ebn dhe Zyrat nd\u00ebrlidh\u00ebse reciproke UCI Albania n\u00eb Shqip\u00ebri dhe Bari n\u00eb Itali n\u00eb baz\u00eb t\u00eb informacioneve t\u00eb siguruara m\u00eb par\u00eb nga Sektori p\u00ebr Krimet e R\u00ebnda n\u00eb Departamentin e Policis\u00eb Kriminale n\u00eb PSH, p\u00ebr vendndodhjen dhe gjeneralitetet\u00a0 q\u00eb p\u00ebrdorte\u00a0 i k\u00ebrkuari.<\/p>\n<p>&nbsp;<\/p>\n<p>U b\u00eb\u00a0 arrestimi n\u00eb Itali me q\u00ebllim ekstradimi i shtetasit shqiptar: Bardh Lula (Luli) 49 vje\u00e7, lindur n\u00eb Lezh\u00eb, i cili fshihej n\u00eb Itali\u00a0 me em\u00ebr e dokumentacion t\u00eb falsifikuar si shtetas boshnjak. Ky shtetas ishte i\u00a0 shpallur n\u00eb k\u00ebrkim nd\u00ebrkomb\u00ebtar pasi Gjykata e Rrethit Gjyq\u00ebsor Lezh\u00eb, n\u00eb vitin 1996 e ka d\u00ebnuar k\u00ebt\u00eb shtetas me \u201cBurgim t\u00eb p\u00ebrjetsh\u00ebm\u201d p\u00ebr vepr\u00ebn penale \u201cVrasje n\u00eb rrethana t\u00eb tjera cil\u00ebsuese\u201d.<\/p>\n<p>Shtetasi Bardh Lula (Luli),\u00a0 m\u00eb\u00a0 dat\u00eb 12.06.1993 ka vrar\u00eb me arm\u00eb zjarri p\u00ebr motive t\u00eb dob\u00ebta shtetasit\u00a0 N.L. , P.L. dhe M.L. Vijon\u00eb procedurat p\u00ebr ekstradimin\u00a0 drejt Shqip\u00ebris\u00eb t\u00eb personit t\u00eb d\u00ebnuar me burgim t\u00eb p\u00ebrjetsh\u00ebm\u201d. njofton policia.<\/p>\n<p>&nbsp;<\/p>","protected":false},"excerpt":{"rendered":"<p>Policia e Shtetit n\u00eb bashk\u00ebpunim me at\u00eb italiane ka v\u00ebn\u00eb n\u00eb\u00a0 pranga nj\u00eb 49-vje\u00e7ar shqiptar, i cili 26 vite m\u00eb par\u00eb ekzekutoi tre persona dhe m\u00eb pas u arratis pa adres\u00eb. Sipas Policis\u00eb, i arrestuari, Bardh Lula (Luli),\u00a0 fshihej n\u00eb Itali me nj\u00eb identiteti boshnjak, nd\u00ebrsa me 12 qershor t\u00eb 1993, ai ka vrar\u00eb me [&hellip;]<\/p>\n","protected":false},"author":2013,"featured_media":87577,"comment_status":"open","ping_status":"closed","sticky":false,"template":"","format":"standard","meta":{"footnotes":""},"categories":[241,235],"tags":[],"class_list":{"0":"post-87576","1":"post","2":"type-post","3":"status-publish","4":"format-standard","5":"has-post-thumbnail","7":"category-aktualitet","8":"category-vendi"},"_links":{"self":[{"href":"https:\/\/zjarr.tv\/en\/wp-json\/wp\/v2\/posts\/87576","targetHints":{"allow":["GET"]}}],"collection":[{"href":"https:\/\/zjarr.tv\/en\/wp-json\/wp\/v2\/posts"}],"about":[{"href":"https:\/\/zjarr.tv\/en\/wp-json\/wp\/v2\/types\/post"}],"author":[{"embeddable":true,"href":"https:\/\/zjarr.tv\/en\/wp-json\/wp\/v2\/users\/2013"}],"replies":[{"embeddable":true,"href":"https:\/\/zjarr.tv\/en\/wp-json\/wp\/v2\/comments?post=87576"}],"version-history":[{"count":0,"href":"https:\/\/zjarr.tv\/en\/wp-json\/wp\/v2\/posts\/87576\/revisions"}],"wp:featuredmedia":[{"embeddable":true,"href":"https:\/\/zjarr.tv\/en\/wp-json\/wp\/v2\/media\/87577"}],"wp:attachment":[{"href":"https:\/\/zjarr.tv\/en\/wp-json\/wp\/v2\/media?parent=87576"}],"wp:term":[{"taxonomy":"category","embeddable":true,"href":"https:\/\/zjarr.tv\/en\/wp-json\/wp\/v2\/categories?post=87576"},{"taxonomy":"post_tag","embeddable":true,"href":"https:\/\/zjarr.tv\/en\/wp-json\/wp\/v2\/tags?post=87576"}],"curies":[{"name":"wp","href":"https:\/\/api.w.org\/{rel}","templated":true}]}}