{"id":87579,"date":"2019-06-03T16:15:03","date_gmt":"2019-06-03T14:15:03","guid":{"rendered":"https:\/\/zjarr.tv\/?p=87579"},"modified":"2019-06-03T16:15:03","modified_gmt":"2019-06-03T14:15:03","slug":"ulje-e-cmimit-te-naftes-energjise-plani-i-pd-per-ekonomine","status":"publish","type":"post","link":"https:\/\/zjarr.tv\/en\/ulje-e-cmimit-te-naftes-energjise-plani-i-pd-per-ekonomine\/","title":{"rendered":"\u201cUlje e \u00e7mimit t\u00eb naft\u00ebs, energjis\u00eb\u201d, plani i PD p\u00ebr ekonomin\u00eb"},"content":{"rendered":"<p>Dorjan Teliti, an\u00ebtar i K\u00ebshillit Komb\u00ebtar, shef i kabinetit t\u00eb kryetarit t\u00eb PD Lulzim Basha thot\u00eb se PD ka gati planin e rim\u00ebk\u00ebmbjes ekonomike. Ai akuzon kryeministrin Edi Rama dhe oligark\u00ebt se po shkat\u00ebrrojn\u00eb ekonomin\u00eb.<\/p>\n<p>Sipas tij, Rama b\u00ebri q\u00eb jo vet\u00ebm me qindra mij\u00ebra shqiptar\u00ebt t\u00eb braktisin vendin por edhe investitor\u00ebt e huaj ta shohin vendin ton\u00eb si zon\u00eb rreziku p\u00ebr investimet e tyre.<\/p>\n<p>Teliti tregon konkretisht se \u00e7far\u00eb p\u00ebrfshin plani i rim\u00ebk\u00ebmbjes ekonomike t\u00eb PD, ku parashikohet ulje me 30 lek\u00eb\/lit\u00ebr t\u00eb \u00e7mimit t\u00eb karburantit; ulje e \u00e7mimit t\u00eb energjis\u00eb p\u00ebr familjar\u00ebt dhe biznesin; rifutje e fash\u00ebs mbrojt\u00ebse p\u00ebr 300 k\u00eb e par\u00eb me \u00e7mim 8.3 lek\u00eb\/k\u00ebh etj.<\/p>\n<p>POSTIMI I TELITIT<br \/>\nKryeministri i propagand\u00ebs rr\u00ebnoi Shqip\u00ebrin\u00eb n\u00eb bashk\u00ebpunim me oligark\u00ebt e kriminel\u00ebt.<br \/>\nPD KA GATI PLANIN EMERGJENT T\u00cb RIM\u00cbK\u00cbMBJES EKONOMIKE.<br \/>\nErdhi me premtime propagandistike n\u00eb pushtet e po ik\u00ebn si arkitekt i shkat\u00ebrrimit. Edi Rama u premtoi shqiptar\u00ebve 300 mij\u00eb vende pune, sh\u00ebndet\u00ebsi falas apo ulje t\u00eb varf\u00ebris\u00eb, por bilanci i 6 viteve qeverisje jan\u00eb rr\u00ebnim p\u00ebr shqiptar\u00ebt, p\u00ebr t\u00eb cil\u00ebt RRITI:<br \/>\nVarf\u00ebrin\u00eb, papun\u00ebsin\u00eb e pasigurin\u00eb, \u00e7mimin e karburantit, \u00e7mimin e energjis\u00eb, taksat e tatimet q\u00eb soll\u00ebn falimentin e 77mij\u00eb bizneseve.<br \/>\nMe politikat tij Rama b\u00ebri q\u00eb jo vet\u00ebm me qindra mij\u00ebra shqiptar\u00ebt t\u00eb braktisin vendin por edhe investitor\u00ebt e huaj ta shohin vendin ton\u00eb si zon\u00eb rreziku p\u00ebr investimet e tyre.<\/p>\n<p>K\u00ebto jan\u00eb mjaftuesh\u00ebm arsye q\u00eb ai, arkitekti i rr\u00ebnimit, t\u00eb largohet nj\u00eb or\u00eb e m\u00eb par\u00eb.<br \/>\nPartia Demokratike ka gati planin e rim\u00ebk\u00ebmbjes s\u00eb ekonomis\u00eb duke sjell\u00eb ofert\u00eb konkrete p\u00ebr shqiptar\u00ebt:<br \/>\n1. Ulje me 30 lek\u00eb\/lit\u00ebr t\u00eb \u00e7mimit t\u00eb karburantit.<br \/>\n2. Ulje t\u00eb \u00e7mimit t\u00eb energjis\u00eb p\u00ebr familjar\u00ebt dhe biznesin. Rifutje t\u00eb fash\u00ebs mbrojt\u00ebse p\u00ebr 300 k\u00eb e par\u00eb me \u00e7mim 8.3 lek\u00eb\/k\u00ebh.<br \/>\n3. P\u00ebrjashtim nga skema vjetore e TVSH-s\u00eb p\u00ebr \u00e7do biznes me xhiro n\u00ebn 14 milion\u00eb lek\u00eb n\u00eb vit. Me pull\u00ebn n\u00eb xham STOP inspektor\u00ebve abuzues dhe t\u00eb korruptuar.<br \/>\n4. Tatim fitimi 9%, duke krijuar mund\u00ebsi reale p\u00ebr biznesin e madh t\u00eb hap\u00eb vende t\u00eb reja pune.<br \/>\n5. Dyfishim t\u00eb buxhetit p\u00ebr arsimin e lart\u00eb. Tarifa zero bachelor dhe master p\u00ebr rreth 90% t\u00eb student\u00ebve. Bursa vjetore p\u00ebr student\u00ebt n\u00eb nevoj\u00eb dhe 32 milion\u00eb dollar\u00eb investime shtes\u00eb n\u00eb vit p\u00ebr infrastruktur\u00ebn konviktore dhe akademike. Trajnime dhe p\u00ebrgatitje reale p\u00ebr tregun e pun\u00ebs sipas \u201cmodelit gjerman dual\u201d t\u00eb arsimit profesional.<br \/>\n6. Rritje t\u00eb ndjeshme t\u00eb pensioneve dhe energji elektrike falas deri n\u00eb 200 k\u00eb\/muaj p\u00ebr familjet me ndihm\u00eb ekonomike.<br \/>\nKjo \u00ebsht\u00eb e vetmja skem\u00eb q\u00eb do t\u00eb mund ta nxjerr\u00eb vendin nga gremina ku ka r\u00ebn\u00eb nga keqqeverisja e Edi Ram\u00ebs.<br \/>\n#protesto8qershor \u270c\u270c<br \/>\n#Shqip\u00ebriaSiEuropa \u270c\u270c<\/p>\n<p>&nbsp;<\/p>","protected":false},"excerpt":{"rendered":"<p>Dorjan Teliti, an\u00ebtar i K\u00ebshillit Komb\u00ebtar, shef i kabinetit t\u00eb kryetarit t\u00eb PD Lulzim Basha thot\u00eb se PD ka gati planin e rim\u00ebk\u00ebmbjes ekonomike. Ai akuzon kryeministrin Edi Rama dhe oligark\u00ebt se po shkat\u00ebrrojn\u00eb ekonomin\u00eb. Sipas tij, Rama b\u00ebri q\u00eb jo vet\u00ebm me qindra mij\u00ebra shqiptar\u00ebt t\u00eb braktisin vendin por edhe investitor\u00ebt e huaj ta [&hellip;]<\/p>\n","protected":false},"author":2013,"featured_media":57918,"comment_status":"open","ping_status":"closed","sticky":false,"template":"","format":"standard","meta":{"footnotes":""},"categories":[241,235],"tags":[],"class_list":{"0":"post-87579","1":"post","2":"type-post","3":"status-publish","4":"format-standard","5":"has-post-thumbnail","7":"category-aktualitet","8":"category-vendi"},"_links":{"self":[{"href":"https:\/\/zjarr.tv\/en\/wp-json\/wp\/v2\/posts\/87579","targetHints":{"allow":["GET"]}}],"collection":[{"href":"https:\/\/zjarr.tv\/en\/wp-json\/wp\/v2\/posts"}],"about":[{"href":"https:\/\/zjarr.tv\/en\/wp-json\/wp\/v2\/types\/post"}],"author":[{"embeddable":true,"href":"https:\/\/zjarr.tv\/en\/wp-json\/wp\/v2\/users\/2013"}],"replies":[{"embeddable":true,"href":"https:\/\/zjarr.tv\/en\/wp-json\/wp\/v2\/comments?post=87579"}],"version-history":[{"count":0,"href":"https:\/\/zjarr.tv\/en\/wp-json\/wp\/v2\/posts\/87579\/revisions"}],"wp:featuredmedia":[{"embeddable":true,"href":"https:\/\/zjarr.tv\/en\/wp-json\/wp\/v2\/media\/57918"}],"wp:attachment":[{"href":"https:\/\/zjarr.tv\/en\/wp-json\/wp\/v2\/media?parent=87579"}],"wp:term":[{"taxonomy":"category","embeddable":true,"href":"https:\/\/zjarr.tv\/en\/wp-json\/wp\/v2\/categories?post=87579"},{"taxonomy":"post_tag","embeddable":true,"href":"https:\/\/zjarr.tv\/en\/wp-json\/wp\/v2\/tags?post=87579"}],"curies":[{"name":"wp","href":"https:\/\/api.w.org\/{rel}","templated":true}]}}