{"id":87594,"date":"2019-06-03T16:30:56","date_gmt":"2019-06-03T14:30:56","guid":{"rendered":"https:\/\/zjarr.tv\/?p=87594"},"modified":"2019-06-03T16:30:56","modified_gmt":"2019-06-03T14:30:56","slug":"kocijancic-vendi-i-dialogut-eshte-parlamenti","status":"publish","type":"post","link":"https:\/\/zjarr.tv\/en\/kocijancic-vendi-i-dialogut-eshte-parlamenti\/","title":{"rendered":"Ko\u00e7ijanci\u00e7: Vendi i dialogut \u00ebsht\u00eb parlamenti"},"content":{"rendered":"<p>Gjat\u00eb konferenc\u00ebs \u00ebsht\u00eb ngritur edhe shqet\u00ebsimi se protestat dhe kriza politike q\u00eb ka p\u00ebrfshir\u00eb Shqip\u00ebrin\u00eb mund t\u00eb ndikojn\u00eb \u00e7eljen e negociatave p\u00ebr Maqedonin\u00eb e Veriut.<\/p>\n<p>Z\u00ebdh\u00ebn\u00ebsja Maja Ko\u00e7ijanci\u00e7 ritheksoi q\u00ebndrimin e BE-s\u00eb se Parlamenti \u00ebsht\u00eb vendi i dialogut dhe se pal\u00ebt politike n\u00eb Shqip\u00ebri duhet t\u00eb bashk\u00ebpunojn\u00eb n\u00eb favor t\u00eb interesit komb\u00ebtar.<\/p>\n<p><em>\u201cNe d\u00ebnojm\u00eb \u00e7do retorik\u00eb q\u00eb b\u00ebn thirrje p\u00ebr dhun\u00eb. Gjithashtu duhet t\u00eb theksojm\u00eb se vendi i dialogut \u00ebsht\u00eb parlamenti. Progres raporti e thekson shum\u00eb qart\u00eb r\u00ebnd\u00ebsin\u00eb e procesit gjith\u00ebp\u00ebrfshir\u00ebs politik dhe t\u00eb gjitha pal\u00ebt duhet t\u00eb punojn\u00eb s\u00eb bashku n\u00eb favor t\u00eb interesit komb\u00ebtar\u201d,<\/em>&#8211; tha Ko\u00e7ijanci\u00e7.<\/p>\n<p>&nbsp;<\/p>","protected":false},"excerpt":{"rendered":"<p>Gjat\u00eb konferenc\u00ebs \u00ebsht\u00eb ngritur edhe shqet\u00ebsimi se protestat dhe kriza politike q\u00eb ka p\u00ebrfshir\u00eb Shqip\u00ebrin\u00eb mund t\u00eb ndikojn\u00eb \u00e7eljen e negociatave p\u00ebr Maqedonin\u00eb e Veriut. Z\u00ebdh\u00ebn\u00ebsja Maja Ko\u00e7ijanci\u00e7 ritheksoi q\u00ebndrimin e BE-s\u00eb se Parlamenti \u00ebsht\u00eb vendi i dialogut dhe se pal\u00ebt politike n\u00eb Shqip\u00ebri duhet t\u00eb bashk\u00ebpunojn\u00eb n\u00eb favor t\u00eb interesit komb\u00ebtar. \u201cNe d\u00ebnojm\u00eb \u00e7do [&hellip;]<\/p>\n","protected":false},"author":2013,"featured_media":50889,"comment_status":"open","ping_status":"closed","sticky":false,"template":"","format":"standard","meta":{"footnotes":""},"categories":[241,2],"tags":[],"class_list":{"0":"post-87594","1":"post","2":"type-post","3":"status-publish","4":"format-standard","5":"has-post-thumbnail","7":"category-aktualitet","8":"category-rajoni"},"_links":{"self":[{"href":"https:\/\/zjarr.tv\/en\/wp-json\/wp\/v2\/posts\/87594","targetHints":{"allow":["GET"]}}],"collection":[{"href":"https:\/\/zjarr.tv\/en\/wp-json\/wp\/v2\/posts"}],"about":[{"href":"https:\/\/zjarr.tv\/en\/wp-json\/wp\/v2\/types\/post"}],"author":[{"embeddable":true,"href":"https:\/\/zjarr.tv\/en\/wp-json\/wp\/v2\/users\/2013"}],"replies":[{"embeddable":true,"href":"https:\/\/zjarr.tv\/en\/wp-json\/wp\/v2\/comments?post=87594"}],"version-history":[{"count":0,"href":"https:\/\/zjarr.tv\/en\/wp-json\/wp\/v2\/posts\/87594\/revisions"}],"wp:featuredmedia":[{"embeddable":true,"href":"https:\/\/zjarr.tv\/en\/wp-json\/wp\/v2\/media\/50889"}],"wp:attachment":[{"href":"https:\/\/zjarr.tv\/en\/wp-json\/wp\/v2\/media?parent=87594"}],"wp:term":[{"taxonomy":"category","embeddable":true,"href":"https:\/\/zjarr.tv\/en\/wp-json\/wp\/v2\/categories?post=87594"},{"taxonomy":"post_tag","embeddable":true,"href":"https:\/\/zjarr.tv\/en\/wp-json\/wp\/v2\/tags?post=87594"}],"curies":[{"name":"wp","href":"https:\/\/api.w.org\/{rel}","templated":true}]}}