{"id":87596,"date":"2019-06-03T16:37:57","date_gmt":"2019-06-03T14:37:57","guid":{"rendered":"https:\/\/zjarr.tv\/?p=87596"},"modified":"2019-06-03T16:37:57","modified_gmt":"2019-06-03T14:37:57","slug":"kriza-politike-ne-vend-meta-pret-ne-takim-kreun-e-osbe-zgjidhje-permes-reflektimit-dhe-dialogut","status":"publish","type":"post","link":"https:\/\/zjarr.tv\/en\/kriza-politike-ne-vend-meta-pret-ne-takim-kreun-e-osbe-zgjidhje-permes-reflektimit-dhe-dialogut\/","title":{"rendered":"Kriza politike n\u00eb vend\/ Meta pret n\u00eb takim kreun e OSBE: Zgjidhje p\u00ebrmes reflektimit dhe dialogut"},"content":{"rendered":"<p>Presidenti i Republik\u00ebs Ilir Meta priti n\u00eb takim Ministrin p\u00ebr Europ\u00ebn dhe Pun\u00ebt e Jashtme t\u00eb Sllovakis\u00eb, nj\u00ebkoh\u00ebsisht Kryesues i radh\u00ebs i OSBE-s\u00eb, Miroslav Laj\u00e7ak.<\/p>\n<p>Kreu i Shtetit vler\u00ebsoi v\u00ebmendjen q\u00eb Kryesia sllovake i ka kushtuar rajonit t\u00eb Ballkanit Per\u00ebndimor dhe mb\u00ebshtetjes s\u00eb kandidatur\u00ebs shqiptare p\u00ebr kryesimin e Organizat\u00ebs gjat\u00eb 2020.<\/p>\n<p>\u201cN\u00eb k\u00ebt\u00eb sip\u00ebrmarrje, Shqip\u00ebria do t\u00eb mb\u00ebshtetet n\u00eb ekspertiz\u00ebn e Sekretariatit t\u00eb OSBE-s\u00eb dhe t\u00eb vendeve partnere, duke siguruar vazhdim\u00ebsin\u00eb e prioriteteve me kryesit\u00eb e m\u00ebparshme, p\u00ebrfshir\u00eb dhe Sllovakin\u00eb\u201d, u shpreh Presidenti Meta.<\/p>\n<p>Kreu i Shtetit inkurajoi gjithashtu forcimin e marr\u00ebdh\u00ebnieve dypal\u00ebshe mes Shqip\u00ebris\u00eb dhe Sllovakis\u00eb, p\u00ebrfshir\u00eb bashk\u00ebpunimin edhe m\u00eb t\u00eb madh n\u00eb kuad\u00ebr t\u00eb Grupit t\u00eb Vishegradit.<\/p>\n<p>Duke u ndalur n\u00eb Kryesin\u00eb shqiptare t\u00eb OSBE p\u00ebr vitin e ardhsh\u00ebm, Presidenti Meta theksoi se kjo \u00ebsht\u00eb nj\u00eb p\u00ebrgjegj\u00ebsi shum\u00eb e madhe q\u00eb k\u00ebrkon p\u00ebrkushtim tejet serioz edhe p\u00ebr vet\u00eb ndikimin q\u00eb ka p\u00ebr imazhin e vendit.<\/p>\n<p>\u201c\u00cbsht\u00eb e domosdoshme q\u00eb gjat\u00eb kryesis\u00eb s\u00eb OSBE, Shqip\u00ebria t\u00eb reflektoj\u00eb vlerat e mir\u00ebfillta t\u00eb demokracis\u00eb, t\u00eb shtetit ligjor dhe t\u00eb respektimit t\u00eb lirive themelore, duke mish\u00ebruar denj\u00ebsisht imazhin e Organizat\u00ebs\u201d, theksoi Presidenti Meta.<\/p>\n<p>N\u00eb k\u00ebt\u00eb kontekst, Kreu i Shtetit evidentoi domosdoshm\u00ebrin\u00eb e zgjidhjes urgjente t\u00eb kriz\u00ebs s\u00eb thell\u00eb kushtetuese, institucionale, politike dhe p\u00ebrfaq\u00ebsuese ku ndodhet vendit, p\u00ebrmes reflektimit dhe dialogut<\/p>\n<p>&nbsp;<\/p>","protected":false},"excerpt":{"rendered":"<p>Presidenti i Republik\u00ebs Ilir Meta priti n\u00eb takim Ministrin p\u00ebr Europ\u00ebn dhe Pun\u00ebt e Jashtme t\u00eb Sllovakis\u00eb, nj\u00ebkoh\u00ebsisht Kryesues i radh\u00ebs i OSBE-s\u00eb, Miroslav Laj\u00e7ak. Kreu i Shtetit vler\u00ebsoi v\u00ebmendjen q\u00eb Kryesia sllovake i ka kushtuar rajonit t\u00eb Ballkanit Per\u00ebndimor dhe mb\u00ebshtetjes s\u00eb kandidatur\u00ebs shqiptare p\u00ebr kryesimin e Organizat\u00ebs gjat\u00eb 2020. \u201cN\u00eb k\u00ebt\u00eb sip\u00ebrmarrje, Shqip\u00ebria [&hellip;]<\/p>\n","protected":false},"author":2013,"featured_media":87597,"comment_status":"open","ping_status":"closed","sticky":false,"template":"","format":"standard","meta":{"footnotes":""},"categories":[241,235],"tags":[],"class_list":{"0":"post-87596","1":"post","2":"type-post","3":"status-publish","4":"format-standard","5":"has-post-thumbnail","7":"category-aktualitet","8":"category-vendi"},"_links":{"self":[{"href":"https:\/\/zjarr.tv\/en\/wp-json\/wp\/v2\/posts\/87596","targetHints":{"allow":["GET"]}}],"collection":[{"href":"https:\/\/zjarr.tv\/en\/wp-json\/wp\/v2\/posts"}],"about":[{"href":"https:\/\/zjarr.tv\/en\/wp-json\/wp\/v2\/types\/post"}],"author":[{"embeddable":true,"href":"https:\/\/zjarr.tv\/en\/wp-json\/wp\/v2\/users\/2013"}],"replies":[{"embeddable":true,"href":"https:\/\/zjarr.tv\/en\/wp-json\/wp\/v2\/comments?post=87596"}],"version-history":[{"count":0,"href":"https:\/\/zjarr.tv\/en\/wp-json\/wp\/v2\/posts\/87596\/revisions"}],"wp:featuredmedia":[{"embeddable":true,"href":"https:\/\/zjarr.tv\/en\/wp-json\/wp\/v2\/media\/87597"}],"wp:attachment":[{"href":"https:\/\/zjarr.tv\/en\/wp-json\/wp\/v2\/media?parent=87596"}],"wp:term":[{"taxonomy":"category","embeddable":true,"href":"https:\/\/zjarr.tv\/en\/wp-json\/wp\/v2\/categories?post=87596"},{"taxonomy":"post_tag","embeddable":true,"href":"https:\/\/zjarr.tv\/en\/wp-json\/wp\/v2\/tags?post=87596"}],"curies":[{"name":"wp","href":"https:\/\/api.w.org\/{rel}","templated":true}]}}