{"id":87599,"date":"2019-06-03T16:39:45","date_gmt":"2019-06-03T14:39:45","guid":{"rendered":"https:\/\/zjarr.tv\/?p=87599"},"modified":"2019-06-03T16:39:45","modified_gmt":"2019-06-03T14:39:45","slug":"edi-rama-ne-kurbin-opozita-kerkon-ta-coje-vendin-ne-humnere","status":"publish","type":"post","link":"https:\/\/zjarr.tv\/en\/edi-rama-ne-kurbin-opozita-kerkon-ta-coje-vendin-ne-humnere\/","title":{"rendered":"Edi Rama n\u00eb Kurbin: Opozita k\u00ebrkon ta \u00e7oj\u00eb vendin n\u00eb humner\u00eb"},"content":{"rendered":"<p>Pas hapjes s\u00eb fushat\u00ebs p\u00ebr zgjedhjet lokale t\u00eb 30 qershorit, kryeministri Edi Rama ishte sot n\u00eb Kurbin p\u00ebr\u00a0 t\u00eb mb\u00ebshtetur kandidaten Majlinda Car\u00ebn p\u00ebr t\u00eb marr\u00eb drejtimin e bashkis\u00eb. Ai tha se kjo fushat\u00eb\u00a0 nuk \u00ebsht\u00eb thejesht\u00eb p\u00ebr t\u00eb mb\u00ebshtetur kandidat\u00ebt socialist\u00eb, por \u00ebsht\u00eb fushat\u00eb e cila n\u00eb thelb synon ta ndryshoj\u00eb Shqip\u00ebrin\u00eb.<\/p>\n<p>Shefi i qeveris\u00eb, Edi Rama hodhi akuza t\u00eb forta p\u00ebr opozit\u00ebn, e cila\u00a0 sipas tij, ka zgjedhur rrug\u00ebn e humner\u00ebs, por ai u zotua se PS-ja nuk do ta l\u00eb Shqip\u00ebrin\u00eb n\u00eb dor\u00ebn e tyre.<\/p>\n<p>\u201cVazhdojm\u00eb nj\u00eb maraton\u00eb drejt 30 qershorit. Nj\u00eb betej\u00eb, e cila nuk \u00ebsht\u00eb pa kund\u00ebrshtar, por \u00ebsht\u00eb nj\u00eb betej\u00eb politike m\u00eb e qart\u00eb se asnj\u00ebher\u00eb tjet\u00ebr, p\u00ebr t\u00eb ardhmen\u00a0 e qytetar\u00ebve. \u00cbsht\u00eb nj\u00eb betej\u00eb mes nesh q\u00eb b\u00ebjm\u00eb sa mundemi, por nuk b\u00ebjm\u00eb sa duam, p\u00ebr ta \u00e7uar Shqip\u00ebrin\u00eb p\u00ebrpara me pune n\u00eb \u00e7do drejtim, me njer\u00ebz q\u00eb p\u00ebrpiqemi t\u2019i bashkojm\u00eb dhe atyre q\u00eb duan ta kthejn\u00eb k\u00ebt\u00eb vend ku e kemi par\u00eb n\u00eb t\u00eb shkuar\u00ebn. Ata kan\u00eb frik\u00eb nga zgjedhjet dhe b\u00ebrtasin rrug\u00ebve kund\u00ebr zgjedhjeve. Ata kan\u00eb frik\u00eb nga vota e popullit, ata kan\u00eb frik\u00eb nga ballafaqimi demokratik dhe betohen se do t\u00eb na imponojn\u00eb nj\u00eb p\u00ebrplasje.<\/p>\n<p>Ata vendosen t\u00eb ikin nga zgjedhjet, puna e tyre. P\u00ebrve\u00e7 k\u00ebsaj, ata nuk vendosin asgj\u00eb tjet\u00ebr. Shqiptar\u00ebt e kan\u00eb vendosur koh\u00eb m\u00eb par\u00eb se n\u00eb k\u00ebt\u00eb vend vendos populli. Kur vjen radha p\u00ebr t\u00eb zgjedhur, askush s\u2019i ik\u00eb atij nga zgjedhja e tyre. Ata kan\u00eb pranuar humbjen, \u00a0kan\u00eb kapitulluar dhe jan\u00eb larguar. Ata sot nuk kan\u00eb q\u00ebllim t\u00eb fitojn\u00eb, por kan\u00eb q\u00ebllim q\u00eb mos t\u00eb l\u00ebn\u00eb Shqip\u00ebrin\u00eb t\u00eb fitoj\u00eb. Ne n\u00eb\u00a0 k\u00ebto zgjedhje\u00a0 nuk do t\u00eb b\u00ebjm\u00eb fushat\u00eb p\u00ebr kandidat\u00ebt tan\u00eb, por do t\u00eb b\u00ebjm\u00eb takime der\u00eb m\u00eb der\u00eb, por \u00e7\u00ebshtja \u00ebsht\u00eb se ne duam q\u00eb t\u00eb fitoj\u00eb Shqip\u00ebria. Ata b\u00ebjn\u00eb \u00e7mos q\u00eb ta marrin me vete Shqip\u00ebrin\u00eb drejt humner\u00ebs, rrug\u00eb t\u00eb cil\u00ebn e kan\u00eb zgjedhur vet\u00eb, por Shqip\u00ebria nuk do t\u00eb shkoj\u00eb pas tyre\u201d, tha ai.<\/p>\n<p>&nbsp;<\/p>","protected":false},"excerpt":{"rendered":"<p>Pas hapjes s\u00eb fushat\u00ebs p\u00ebr zgjedhjet lokale t\u00eb 30 qershorit, kryeministri Edi Rama ishte sot n\u00eb Kurbin p\u00ebr\u00a0 t\u00eb mb\u00ebshtetur kandidaten Majlinda Car\u00ebn p\u00ebr t\u00eb marr\u00eb drejtimin e bashkis\u00eb. Ai tha se kjo fushat\u00eb\u00a0 nuk \u00ebsht\u00eb thejesht\u00eb p\u00ebr t\u00eb mb\u00ebshtetur kandidat\u00ebt socialist\u00eb, por \u00ebsht\u00eb fushat\u00eb e cila n\u00eb thelb synon ta ndryshoj\u00eb Shqip\u00ebrin\u00eb. Shefi i [&hellip;]<\/p>\n","protected":false},"author":2013,"featured_media":68795,"comment_status":"open","ping_status":"closed","sticky":false,"template":"","format":"standard","meta":{"footnotes":""},"categories":[241,235],"tags":[],"class_list":{"0":"post-87599","1":"post","2":"type-post","3":"status-publish","4":"format-standard","5":"has-post-thumbnail","7":"category-aktualitet","8":"category-vendi"},"_links":{"self":[{"href":"https:\/\/zjarr.tv\/en\/wp-json\/wp\/v2\/posts\/87599","targetHints":{"allow":["GET"]}}],"collection":[{"href":"https:\/\/zjarr.tv\/en\/wp-json\/wp\/v2\/posts"}],"about":[{"href":"https:\/\/zjarr.tv\/en\/wp-json\/wp\/v2\/types\/post"}],"author":[{"embeddable":true,"href":"https:\/\/zjarr.tv\/en\/wp-json\/wp\/v2\/users\/2013"}],"replies":[{"embeddable":true,"href":"https:\/\/zjarr.tv\/en\/wp-json\/wp\/v2\/comments?post=87599"}],"version-history":[{"count":0,"href":"https:\/\/zjarr.tv\/en\/wp-json\/wp\/v2\/posts\/87599\/revisions"}],"wp:featuredmedia":[{"embeddable":true,"href":"https:\/\/zjarr.tv\/en\/wp-json\/wp\/v2\/media\/68795"}],"wp:attachment":[{"href":"https:\/\/zjarr.tv\/en\/wp-json\/wp\/v2\/media?parent=87599"}],"wp:term":[{"taxonomy":"category","embeddable":true,"href":"https:\/\/zjarr.tv\/en\/wp-json\/wp\/v2\/categories?post=87599"},{"taxonomy":"post_tag","embeddable":true,"href":"https:\/\/zjarr.tv\/en\/wp-json\/wp\/v2\/tags?post=87599"}],"curies":[{"name":"wp","href":"https:\/\/api.w.org\/{rel}","templated":true}]}}