{"id":87602,"date":"2019-06-03T16:54:53","date_gmt":"2019-06-03T14:54:53","guid":{"rendered":"https:\/\/zjarr.tv\/?p=87602"},"modified":"2019-06-03T16:54:53","modified_gmt":"2019-06-03T14:54:53","slug":"tirane-digjet-makina-tek-dogana","status":"publish","type":"post","link":"https:\/\/zjarr.tv\/en\/tirane-digjet-makina-tek-dogana\/","title":{"rendered":"Tiran\u00eb, digjet makina tek dogana"},"content":{"rendered":"<p>Nj\u00eb makin\u00eb \u00ebsht\u00eb shkrumbur plot\u00ebsisht pak minuta m\u00eb par\u00eb n\u00eb rrethrrotullimin e Dogan\u00ebs n\u00eb Tiran\u00eb.<\/p>\n<p>Si\u00e7 shikohet nga fotot e siguruara nga syri.net, makina e tipit \u201cCitroen\u201d ka marr\u00eb flak\u00eb plot\u00ebsisht duke bllokuar trafikun p\u00ebr minuta t\u00eb t\u00ebra.<\/p>\n<p>Megjith\u00eb nd\u00ebrhyrjen e shpejt\u00eb t\u00eb zjarr\u00ebfik\u00ebseve, ka qen\u00eb e pamundur q\u00eb makina t\u00eb shp\u00ebtonte pa d\u00ebmtime.<\/p>\n<p>P\u00ebr fat t\u00eb mir\u00eb n\u00eb k\u00ebt\u00eb incident nuk raportohen persona t\u00eb l\u00ebnduar.<\/p>\n<p>Nd\u00ebrkoh\u00eb q\u00eb nuk ka ende informacione se \u00e7far\u00eb e ka shkaktuar k\u00ebt\u00eb zjarr t\u00eb papritur.<\/p>\n<p>&nbsp;<\/p>","protected":false},"excerpt":{"rendered":"<p>Nj\u00eb makin\u00eb \u00ebsht\u00eb shkrumbur plot\u00ebsisht pak minuta m\u00eb par\u00eb n\u00eb rrethrrotullimin e Dogan\u00ebs n\u00eb Tiran\u00eb. Si\u00e7 shikohet nga fotot e siguruara nga syri.net, makina e tipit \u201cCitroen\u201d ka marr\u00eb flak\u00eb plot\u00ebsisht duke bllokuar trafikun p\u00ebr minuta t\u00eb t\u00ebra. Megjith\u00eb nd\u00ebrhyrjen e shpejt\u00eb t\u00eb zjarr\u00ebfik\u00ebseve, ka qen\u00eb e pamundur q\u00eb makina t\u00eb shp\u00ebtonte pa d\u00ebmtime. P\u00ebr [&hellip;]<\/p>\n","protected":false},"author":2013,"featured_media":87603,"comment_status":"open","ping_status":"closed","sticky":false,"template":"","format":"standard","meta":{"footnotes":""},"categories":[241,235],"tags":[],"class_list":{"0":"post-87602","1":"post","2":"type-post","3":"status-publish","4":"format-standard","5":"has-post-thumbnail","7":"category-aktualitet","8":"category-vendi"},"_links":{"self":[{"href":"https:\/\/zjarr.tv\/en\/wp-json\/wp\/v2\/posts\/87602","targetHints":{"allow":["GET"]}}],"collection":[{"href":"https:\/\/zjarr.tv\/en\/wp-json\/wp\/v2\/posts"}],"about":[{"href":"https:\/\/zjarr.tv\/en\/wp-json\/wp\/v2\/types\/post"}],"author":[{"embeddable":true,"href":"https:\/\/zjarr.tv\/en\/wp-json\/wp\/v2\/users\/2013"}],"replies":[{"embeddable":true,"href":"https:\/\/zjarr.tv\/en\/wp-json\/wp\/v2\/comments?post=87602"}],"version-history":[{"count":0,"href":"https:\/\/zjarr.tv\/en\/wp-json\/wp\/v2\/posts\/87602\/revisions"}],"wp:featuredmedia":[{"embeddable":true,"href":"https:\/\/zjarr.tv\/en\/wp-json\/wp\/v2\/media\/87603"}],"wp:attachment":[{"href":"https:\/\/zjarr.tv\/en\/wp-json\/wp\/v2\/media?parent=87602"}],"wp:term":[{"taxonomy":"category","embeddable":true,"href":"https:\/\/zjarr.tv\/en\/wp-json\/wp\/v2\/categories?post=87602"},{"taxonomy":"post_tag","embeddable":true,"href":"https:\/\/zjarr.tv\/en\/wp-json\/wp\/v2\/tags?post=87602"}],"curies":[{"name":"wp","href":"https:\/\/api.w.org\/{rel}","templated":true}]}}