{"id":87605,"date":"2019-06-03T16:56:19","date_gmt":"2019-06-03T14:56:19","guid":{"rendered":"https:\/\/zjarr.tv\/?p=87605"},"modified":"2019-06-03T16:56:19","modified_gmt":"2019-06-03T14:56:19","slug":"gjuzi-rama-te-mbledhe-mendjen-mos-te-instaloje-junte-ushtarake","status":"publish","type":"post","link":"https:\/\/zjarr.tv\/en\/gjuzi-rama-te-mbledhe-mendjen-mos-te-instaloje-junte-ushtarake\/","title":{"rendered":"Gjuzi: Rama t\u00eb mbledh\u00eb mendjen, mos t\u00eb instaloj\u00eb junt\u00eb ushtarake"},"content":{"rendered":"<p>Deputeti i parlamentit shqiptar nga Partia Konservatore e Shqip\u00ebris\u00eb Kujtim Gjuzi n\u00eb nj\u00eb dalje publike p\u00ebr mediat tha se Rama duhet t\u00eb mbledh\u00eb mendjen e t\u00eb mos lejoj\u00eb instalimin e nj\u00eb junte ushtarake.<\/p>\n<p>\u201cProtesta e djeshme \u00ebsht\u00eb b\u00ebr\u00eb dit\u00ebn e diel dhe t\u00eb gjith\u00eb po e shikonim n\u00eb televizion ose kishim dal\u00eb n\u00eb protest\u00eb. Kryeministri vazhdon t\u00eb k\u00ebmb\u00ebngul se zgjedhjet do t\u00eb mbahen m\u00eb dat\u00eb 30 qershor, nd\u00ebrsa konservator\u00ebt i b\u00ebjn\u00eb thirrje shk\u00eblqesis\u00eb s\u00eb tij Edi Rama q\u00eb t\u00eb mbledh\u00eb mendjen se nuk mund t\u00eb shkohet n\u00eb zgjedhje n\u00eb k\u00ebt\u00eb situat\u00eb, ku 34 bashki nuk k\u00eb kandidat tjet\u00ebr, p\u00ebrpos at\u00eb t\u00eb PS.<\/p>\n<p>Jemi n\u00eb nj\u00eb prag t\u00eb nj\u00eb katastrofe zgjedhore. Katastrogfa nuk ishte vet\u00ebm n\u00eb Kor\u00e7\u00eb. Kryeministri do q\u00eb t\u00eb b\u00ebj\u00eb zgjedhje q\u00eb t\u00eb jen\u00eb t\u00eb kontestueshme. Kryeministri t\u00eb ftoj\u00eb zyrtarisht me num\u00ebr protokolli opozit\u00ebn dhe jo me letra bakalli t\u00eb b\u00ebj\u00eb ftesa. Zot\u00ebri kryeminist\u00ebr, nuk ke shanse t\u00eb b\u00ebsh zgjedhje m\u00eb 30 qershor. Kjo q\u00eb do t\u00eb b\u00ebj\u00eb Edi Rama \u00ebsht\u00eb si diktatura.<\/p>\n<p>Ne si konservator\u00eb iu b\u00ebjm\u00eb thirrje zoti Rama si kryeminist\u00ebr i Shqip\u00ebris\u00eb q\u00eb t\u00eb keni vullnetin q\u00eb t\u00eb hapni rrug\u00ebn e zgjedhjeve t\u00eb lira e t\u00eb barabarta. Ne e kemi th\u00ebn\u00eb: \u2018Me k\u00ebt\u00eb\u00a0 Kod Zgjedhor nuk shkohet n\u00eb zgjedhje.\u2019. N\u00eb fakt iu po tentoni q\u00eb t\u00eb b\u00ebni realitet regjimin e Gadafit. N\u00eb fakt edhe atje pas r\u00ebnies s\u00eb Gadafit ka zgjedhje. Ndal Edi Rama, mos shko drejt junt\u00ebs ushtarake.<\/p>\n<p>Ne si konservator\u00eb po p\u00ebrballemi me v\u00ebshtir\u00ebsi. KQZ nuk po regjistron kandidat\u00ebt tan\u00eb si kandidat\u00eb, n\u00eb zon\u00ebn e Kruj\u00ebs, n\u00eb Nik\u00ebl, aty ku e keni kthyer n\u00eb nj\u00eb zon\u00eb vrasjesh. Un\u00eb po t\u00eb them nga k\u00ebtu se Kruj\u00ebn nuk e fiton dot, nuk mundesh t\u00eb marr\u00ebsh dot t\u00eb marr\u00ebsh at\u00eb zon\u00eb, me njer\u00ebz t\u00eb krimit, q\u00eb kan\u00eb mbjell\u00eb kanabis, kan\u00eb kanabizuar k\u00ebt\u00eb zon\u00eb\u201d, tha Gjuzi.<\/p>\n<p>N\u00eb fund, Kujtim Gjuzi theksoi se i uron zotit Trump nj\u00eb mandat t\u00eb dyt\u00eb n\u00eb krye t\u00eb Sht\u00ebpis\u00eb s\u00eb Bardh\u00eb, duke uruar q\u00eb konservator\u00ebt n\u00eb mbar\u00eb bot\u00ebn t\u00eb ken\u00eb sa m\u00eb shum\u00eb sukses.<\/p>\n<p>&nbsp;<\/p>","protected":false},"excerpt":{"rendered":"<p>Deputeti i parlamentit shqiptar nga Partia Konservatore e Shqip\u00ebris\u00eb Kujtim Gjuzi n\u00eb nj\u00eb dalje publike p\u00ebr mediat tha se Rama duhet t\u00eb mbledh\u00eb mendjen e t\u00eb mos lejoj\u00eb instalimin e nj\u00eb junte ushtarake. \u201cProtesta e djeshme \u00ebsht\u00eb b\u00ebr\u00eb dit\u00ebn e diel dhe t\u00eb gjith\u00eb po e shikonim n\u00eb televizion ose kishim dal\u00eb n\u00eb protest\u00eb. Kryeministri [&hellip;]<\/p>\n","protected":false},"author":2013,"featured_media":84333,"comment_status":"open","ping_status":"closed","sticky":false,"template":"","format":"standard","meta":{"footnotes":""},"categories":[241,235],"tags":[],"class_list":{"0":"post-87605","1":"post","2":"type-post","3":"status-publish","4":"format-standard","5":"has-post-thumbnail","7":"category-aktualitet","8":"category-vendi"},"_links":{"self":[{"href":"https:\/\/zjarr.tv\/en\/wp-json\/wp\/v2\/posts\/87605","targetHints":{"allow":["GET"]}}],"collection":[{"href":"https:\/\/zjarr.tv\/en\/wp-json\/wp\/v2\/posts"}],"about":[{"href":"https:\/\/zjarr.tv\/en\/wp-json\/wp\/v2\/types\/post"}],"author":[{"embeddable":true,"href":"https:\/\/zjarr.tv\/en\/wp-json\/wp\/v2\/users\/2013"}],"replies":[{"embeddable":true,"href":"https:\/\/zjarr.tv\/en\/wp-json\/wp\/v2\/comments?post=87605"}],"version-history":[{"count":0,"href":"https:\/\/zjarr.tv\/en\/wp-json\/wp\/v2\/posts\/87605\/revisions"}],"wp:featuredmedia":[{"embeddable":true,"href":"https:\/\/zjarr.tv\/en\/wp-json\/wp\/v2\/media\/84333"}],"wp:attachment":[{"href":"https:\/\/zjarr.tv\/en\/wp-json\/wp\/v2\/media?parent=87605"}],"wp:term":[{"taxonomy":"category","embeddable":true,"href":"https:\/\/zjarr.tv\/en\/wp-json\/wp\/v2\/categories?post=87605"},{"taxonomy":"post_tag","embeddable":true,"href":"https:\/\/zjarr.tv\/en\/wp-json\/wp\/v2\/tags?post=87605"}],"curies":[{"name":"wp","href":"https:\/\/api.w.org\/{rel}","templated":true}]}}