{"id":87607,"date":"2019-06-03T16:58:07","date_gmt":"2019-06-03T14:58:07","guid":{"rendered":"https:\/\/zjarr.tv\/?p=87607"},"modified":"2019-06-03T16:58:07","modified_gmt":"2019-06-03T14:58:07","slug":"mesfushori-i-kombetares-cmend-superioren-tre-skuadra-e-duan-per-europen","status":"publish","type":"post","link":"https:\/\/zjarr.tv\/en\/mesfushori-i-kombetares-cmend-superioren-tre-skuadra-e-duan-per-europen\/","title":{"rendered":"Mesfushori i komb\u00ebtares &#8220;\u00e7mend&#8221; Superioren, tre skuadra e duan p\u00ebr Europ\u00ebn"},"content":{"rendered":"<p>Pasi arriti te titulli pas 26 vitesh, klubi i Partizanit ka hedhur syt\u00eb nga merkato. T\u00eb kuqt\u00eb k\u00ebrkojn\u00eb q\u00eb t\u00eb forcojn\u00eb skuadr\u00ebn n\u00eb prag t\u00eb fazave eliminatore t\u00eb Champions League dhe emrat e m\u00ebdhenj nuk mungojn\u00eb.<\/p>\n<p>N\u00eb krye t\u00eb list\u00ebs s\u00eb drejtorit sportiv, Olsi Rama q\u00ebndron nj\u00eb ish i Kategoris\u00eb Superiore. Sabjen Lilaj shihet si futbollisti ideal p\u00ebr t\u00eb shtuar cil\u00ebsin\u00eb n\u00eb ekipin e kuq. Ish-mesfushori i Sk\u00ebnderbeut dhe komb\u00ebtares shqiptare ka shk\u00ebputur bashk\u00ebpunimin me skuadr\u00ebn azere t\u00eb Gabala dhe p\u00ebr k\u00ebt\u00eb fakt Partizani \u00ebsht\u00eb v\u00ebn\u00eb n\u00eb gjurm\u00ebt e tij.<\/p>\n<p>Agjenti i Lilaj dhe klubi i Partizanit ka q\u00ebn\u00eb n\u00eb biseda intensive p\u00ebr sa i p\u00ebrket nj\u00eb transferimi t\u00eb mundsh\u00ebm. Por \u00a0p\u00ebr mesfushorin ka interes edhe nga skuadra t\u00eb tjera t\u00eb Superlig\u00ebs. P\u00ebrve\u00e7 Partizanit dhe Sk\u00ebnderbeut n\u00eb loj\u00eb \u00ebsht\u00eb futur edhe Kuk\u00ebsi, i cili mendon se Lilaj \u00ebsht\u00eb nj\u00eb element i vlefsh\u00ebm p\u00ebr paraqitjet e klubit n\u00eb Europ\u00eb.<\/p>","protected":false},"excerpt":{"rendered":"<p>Pasi arriti te titulli pas 26 vitesh, klubi i Partizanit ka hedhur syt\u00eb nga merkato. T\u00eb kuqt\u00eb k\u00ebrkojn\u00eb q\u00eb t\u00eb forcojn\u00eb skuadr\u00ebn n\u00eb prag t\u00eb fazave eliminatore t\u00eb Champions League dhe emrat e m\u00ebdhenj nuk mungojn\u00eb. N\u00eb krye t\u00eb list\u00ebs s\u00eb drejtorit sportiv, Olsi Rama q\u00ebndron nj\u00eb ish i Kategoris\u00eb Superiore. Sabjen Lilaj shihet si [&hellip;]<\/p>\n","protected":false},"author":2013,"featured_media":87608,"comment_status":"open","ping_status":"closed","sticky":false,"template":"","format":"standard","meta":{"footnotes":""},"categories":[241,192],"tags":[],"class_list":{"0":"post-87607","1":"post","2":"type-post","3":"status-publish","4":"format-standard","5":"has-post-thumbnail","7":"category-aktualitet","8":"category-sport"},"_links":{"self":[{"href":"https:\/\/zjarr.tv\/en\/wp-json\/wp\/v2\/posts\/87607","targetHints":{"allow":["GET"]}}],"collection":[{"href":"https:\/\/zjarr.tv\/en\/wp-json\/wp\/v2\/posts"}],"about":[{"href":"https:\/\/zjarr.tv\/en\/wp-json\/wp\/v2\/types\/post"}],"author":[{"embeddable":true,"href":"https:\/\/zjarr.tv\/en\/wp-json\/wp\/v2\/users\/2013"}],"replies":[{"embeddable":true,"href":"https:\/\/zjarr.tv\/en\/wp-json\/wp\/v2\/comments?post=87607"}],"version-history":[{"count":0,"href":"https:\/\/zjarr.tv\/en\/wp-json\/wp\/v2\/posts\/87607\/revisions"}],"wp:featuredmedia":[{"embeddable":true,"href":"https:\/\/zjarr.tv\/en\/wp-json\/wp\/v2\/media\/87608"}],"wp:attachment":[{"href":"https:\/\/zjarr.tv\/en\/wp-json\/wp\/v2\/media?parent=87607"}],"wp:term":[{"taxonomy":"category","embeddable":true,"href":"https:\/\/zjarr.tv\/en\/wp-json\/wp\/v2\/categories?post=87607"},{"taxonomy":"post_tag","embeddable":true,"href":"https:\/\/zjarr.tv\/en\/wp-json\/wp\/v2\/tags?post=87607"}],"curies":[{"name":"wp","href":"https:\/\/api.w.org\/{rel}","templated":true}]}}