{"id":87622,"date":"2019-06-03T17:37:21","date_gmt":"2019-06-03T15:37:21","guid":{"rendered":"https:\/\/zjarr.tv\/?p=87622"},"modified":"2019-06-03T17:37:21","modified_gmt":"2019-06-03T15:37:21","slug":"etrit-berisha-eksperienca-e-rejes-do-na-ndihmoje","status":"publish","type":"post","link":"https:\/\/zjarr.tv\/en\/etrit-berisha-eksperienca-e-rejes-do-na-ndihmoje\/","title":{"rendered":"Etrit Berisha: Eksperienca e Rej\u00ebs do na ndihmoj\u00eb"},"content":{"rendered":"<p>Komb\u00ebtarja shqiptare e nisi me hapin e gabuar faz\u00ebn kualifikuese t\u00eb Europianit, duke u mposhtur p\u00ebrball\u00eb Turqis\u00eb dhe duket se as fitorja ndaj Andorr\u00ebs nuk e ka zhdukur zhg\u00ebnjimin p\u00ebr at\u00eb disfat\u00eb, megjithat\u00eb gara sapo ka nisur.<\/p>\n<p>Portieri dhe nj\u00eb nga lider\u00ebt e kuqezinjve, Etrit Berisha, e kupton momentin ku ndodhet p\u00ebrfaq\u00ebsuesja dhe pranon se duhet nj\u00eb shk\u00ebndij\u00eb, duhet nj\u00eb fitore p\u00ebr t\u00eb rikthyer besimin te realizimi i nj\u00eb tjet\u00ebr \u00ebndrre.<\/p>\n<p>\u201cNe duhet t\u00eb fokusohemi n\u00eb p\u00ebrgatitjen e ndeshjeve dhe t\u00eb mundohemi t\u00eb marrim nj\u00eb rezultat pozitiv me Island\u00ebn. Ndoshta na duhet nj\u00eb shk\u00ebndij\u00eb e vog\u00ebl, q\u00eb t\u00eb \u00ebnd\u00ebrrojm\u00eb m\u00eb shum\u00eb p\u00ebr nj\u00eb kualifikim t\u00eb mundsh\u00ebm n\u00eb Europian. Nuk duhet t\u00eb jemi euforik\u00eb, por as t\u00eb kemi presion. Thjesht duhet t\u00eb punojm\u00eb mir\u00eb p\u00ebr t\u00eb p\u00ebrgatitur ndeshjen e radh\u00ebs\u201d, tha Berisha.<\/p>\n<p>Nj\u00eb kapitull i ri ka nisur n\u00ebn drejtimin e Edy Rej\u00ebs. Gardiani 30-vje\u00e7ar, edhe pse ka vet\u00ebm nj\u00eb jav\u00eb q\u00eb \u00ebsht\u00eb n\u00ebn urdhrat e teknikut italian, dallon qart\u00eb q\u00eb p\u00ebrvoja e madhe \u00ebsht\u00eb arma m\u00eb e fort\u00eb e teknikut 73-vje\u00e7ar, nj\u00eb arm\u00eb e cila do ta ndihmoj\u00eb shum\u00eb p\u00ebrfaq\u00ebsuesen ton\u00eb.<\/p>\n<p>\u201cEksperienca e tij \u00ebsht\u00eb jasht\u00ebzakonisht e madhe dhe kjo na duhet shum\u00eb neve, pasi kemi shum\u00eb lojtar\u00eb t\u00eb rinj n\u00eb grup, q\u00eb kan\u00eb nevoj\u00eb p\u00ebr p\u00ebrvoj\u00eb. Reja e ka k\u00ebt\u00eb p\u00ebrvoj\u00eb dhe mundohet ta p\u00ebrcjell\u00eb te grupi, duke k\u00ebrkuar t\u00eb jemi kompakt\u00eb dhe t\u00eb mos p\u00ebsojm\u00eb\u201d, deklaroi gardiani kuqezi.<\/p>\n<p>Her\u00ebn e fundit q\u00eb Berisha ka zbritur n\u00eb fush\u00eb n\u00eb Island\u00eb ka qen\u00eb m\u00eb 10 shkurt t\u00eb 2013 n\u00eb eliminatoret e Bot\u00ebrorit, ku blut\u00eb fituan me p\u00ebrmbysje 2-1.<\/p>\n<p>Portieri shpreson q\u00eb p\u00ebrfundimi t\u00eb jet\u00eb i ndrysh\u00ebm dhe fizikisht Shqip\u00ebria t\u00eb jet\u00eb gati p\u00ebr t\u2019i b\u00ebr\u00eb ball\u00eb forc\u00ebs s\u00eb viking\u00ebve.<\/p>\n<p>\u201cKemi filluar mir\u00eb ndeshjen dhe kaluam edhe n\u00eb avantazh, por b\u00ebm\u00eb shum\u00eb gabime m\u00eb pas. Duhet t\u00eb jemi shum\u00eb kompakt\u00eb dhe t\u00eb sigurt n\u00eb loj\u00ebn ton\u00eb. Fizikisht Islanda \u00ebsht\u00eb shum\u00eb lart, por duhet t\u00eb reagojm\u00eb mir\u00eb ndaj tyre, p\u00ebr t\u00eb tentuar nj\u00eb rezultat t\u00eb mir\u00eb\u201d, u shpreh Berisha.<\/p>\n<p>N\u00eb Itali sapo u mbyll nj\u00eb sezon historik p\u00ebr Atalant\u00ebn, por jo edhe aq ekzaltues p\u00ebr gardianin nga Prishtina, i cili n\u00eb muajt e fundit humbi postin e titullarit kundrejt Gollinit.<\/p>\n<p>\u00cbsht\u00eb ende her\u00ebt p\u00ebr t\u00eb p\u00ebrcaktuar t\u00eb ardhmen, por \u00ebsht\u00eb e sigurt q\u00eb n\u00ebse situata nuk ndryshon, q\u00ebndrimi i Berish\u00ebs n\u00eb Bergamo \u00ebsht\u00eb n\u00eb pik\u00ebpyetje t\u00eb madhe.<\/p>\n<p>\u201cM\u00eb i g\u00ebzuar jam p\u00ebr arritjet e ekipit, pasi kemi qen\u00eb t\u00eb gjith\u00eb pjes\u00eb e suksesit. N\u00eb muajt e fundit ka ndodhur edhe ndryshimi, ndaj tani duhet t\u2019i shikoj me shum\u00eb kujdes gj\u00ebrat dhe pas disa jav\u00ebve duhet t\u00eb marr nj\u00eb vendim p\u00ebr t\u00eb ardhmen. Ende tani \u00ebsht\u00eb shum\u00eb her\u00ebt dhe jam i p\u00ebrqendruar te Komb\u00ebtarja, pasi ka koh\u00eb p\u00ebr merkaton\u201d, deklaroi Berisha.<\/p>\n<p>&nbsp;<\/p>","protected":false},"excerpt":{"rendered":"<p>Komb\u00ebtarja shqiptare e nisi me hapin e gabuar faz\u00ebn kualifikuese t\u00eb Europianit, duke u mposhtur p\u00ebrball\u00eb Turqis\u00eb dhe duket se as fitorja ndaj Andorr\u00ebs nuk e ka zhdukur zhg\u00ebnjimin p\u00ebr at\u00eb disfat\u00eb, megjithat\u00eb gara sapo ka nisur. Portieri dhe nj\u00eb nga lider\u00ebt e kuqezinjve, Etrit Berisha, e kupton momentin ku ndodhet p\u00ebrfaq\u00ebsuesja dhe pranon se [&hellip;]<\/p>\n","protected":false},"author":2013,"featured_media":87623,"comment_status":"open","ping_status":"closed","sticky":false,"template":"","format":"standard","meta":{"footnotes":""},"categories":[241,192],"tags":[],"class_list":{"0":"post-87622","1":"post","2":"type-post","3":"status-publish","4":"format-standard","5":"has-post-thumbnail","7":"category-aktualitet","8":"category-sport"},"_links":{"self":[{"href":"https:\/\/zjarr.tv\/en\/wp-json\/wp\/v2\/posts\/87622","targetHints":{"allow":["GET"]}}],"collection":[{"href":"https:\/\/zjarr.tv\/en\/wp-json\/wp\/v2\/posts"}],"about":[{"href":"https:\/\/zjarr.tv\/en\/wp-json\/wp\/v2\/types\/post"}],"author":[{"embeddable":true,"href":"https:\/\/zjarr.tv\/en\/wp-json\/wp\/v2\/users\/2013"}],"replies":[{"embeddable":true,"href":"https:\/\/zjarr.tv\/en\/wp-json\/wp\/v2\/comments?post=87622"}],"version-history":[{"count":0,"href":"https:\/\/zjarr.tv\/en\/wp-json\/wp\/v2\/posts\/87622\/revisions"}],"wp:featuredmedia":[{"embeddable":true,"href":"https:\/\/zjarr.tv\/en\/wp-json\/wp\/v2\/media\/87623"}],"wp:attachment":[{"href":"https:\/\/zjarr.tv\/en\/wp-json\/wp\/v2\/media?parent=87622"}],"wp:term":[{"taxonomy":"category","embeddable":true,"href":"https:\/\/zjarr.tv\/en\/wp-json\/wp\/v2\/categories?post=87622"},{"taxonomy":"post_tag","embeddable":true,"href":"https:\/\/zjarr.tv\/en\/wp-json\/wp\/v2\/tags?post=87622"}],"curies":[{"name":"wp","href":"https:\/\/api.w.org\/{rel}","templated":true}]}}