{"id":87625,"date":"2019-06-03T17:39:00","date_gmt":"2019-06-03T15:39:00","guid":{"rendered":"https:\/\/zjarr.tv\/?p=87625"},"modified":"2019-06-03T17:39:00","modified_gmt":"2019-06-03T15:39:00","slug":"berisha-mesuesit-detyrohen-te-marrin-pjese-ne-mitingun-e-rames-ne-lac","status":"publish","type":"post","link":"https:\/\/zjarr.tv\/en\/berisha-mesuesit-detyrohen-te-marrin-pjese-ne-mitingun-e-rames-ne-lac\/","title":{"rendered":"Berisha\/ \u201cM\u00ebsuesit detyrohen t\u00eb marrin pjes\u00eb n\u00eb mitingun e Ram\u00ebs n\u00eb La\u00e7\u201d"},"content":{"rendered":"<p>Menj\u00ebher\u00eb pasi kryeministri Edi Rama p\u00ebrfundoi fjal\u00ebn n\u00eb takim me qytetar\u00ebt e Kurbinit, ish-kryeministri Sali Berisha ka publikuar nj\u00eb mesazh t\u00eb qytetarit dixhital, i cili tregon se si njer\u00ebzit jan\u00eb urdh\u00ebruar p\u00ebr t\u00eb marr\u00eb pjes\u00eb n\u00eb miting.<\/p>\n<p>Sipas qytetarit dixhital, m\u00ebsuesit e shkollave jan\u00eb urdh\u00ebruar p\u00ebr t\u00eb marr\u00eb pjes\u00eb n\u00eb miting, nd\u00ebrsa shton se ndaj tyre \u00ebsht\u00eb ushtruar nj\u00eb presion i jasht\u00ebzakonsh\u00ebm.<\/p>\n<p>Ai gjithashtu thekson se jo vet\u00ebm m\u00ebsuesit, por edhe f\u00ebmij\u00ebt i kan\u00eb mbledhur n\u00eb La\u00e7 me argumentin se aty do t\u00eb organizoheshin disa\u00a0 koncerte.<\/p>\n<p><strong>Postimi i Berish\u00ebs:<\/strong><\/p>\n<p>\u201cDenoncohet detyrimi per te marre pjese ne antimitingun e Rames ne La\u00e7!Lexoni mesazhin e mesuesit dixhital. sb<\/p>\n<p>Z.Berisha Ju uroj shendet!Jam nje mesues ne rrethin Kurbin.Dua te denoncoj cpo ndodh sot ketu ne takimin qe Edvin Rama ka ne Lac.Me urdher jemi nisur te gjith mesuesit per ne miting.Presion I papare nga drejtoria arsimore dhe drejtoret e shkollave.Po perjetojme dite terrori.Cpune kane mesuesit,mjeket,policet te marin pjese me detyrim ne miting\u2026!Kur do ndryshoj kjo pun ne Shqiperi se zdurohet me kjo pune?Por kjo esht njera,tjetra eshte qe dhe femijet e shkollave 9-vjecare I kan mbledhur ne Lac se gjoja ka koncerte,ekspozita e konkurse te pallati I kultures,gjithcka qe te jen aty kur te filloj mitingu.Ky vend esht I pa shprese,mesuesi profesioni me krenar te perdhoset keshtu,kjo sdurohet\u201d-shkruan Berisha.<\/p>\n<p>&nbsp;<\/p>","protected":false},"excerpt":{"rendered":"<p>Menj\u00ebher\u00eb pasi kryeministri Edi Rama p\u00ebrfundoi fjal\u00ebn n\u00eb takim me qytetar\u00ebt e Kurbinit, ish-kryeministri Sali Berisha ka publikuar nj\u00eb mesazh t\u00eb qytetarit dixhital, i cili tregon se si njer\u00ebzit jan\u00eb urdh\u00ebruar p\u00ebr t\u00eb marr\u00eb pjes\u00eb n\u00eb miting. Sipas qytetarit dixhital, m\u00ebsuesit e shkollave jan\u00eb urdh\u00ebruar p\u00ebr t\u00eb marr\u00eb pjes\u00eb n\u00eb miting, nd\u00ebrsa shton se ndaj [&hellip;]<\/p>\n","protected":false},"author":2013,"featured_media":67154,"comment_status":"open","ping_status":"closed","sticky":false,"template":"","format":"standard","meta":{"footnotes":""},"categories":[241,235],"tags":[],"class_list":{"0":"post-87625","1":"post","2":"type-post","3":"status-publish","4":"format-standard","5":"has-post-thumbnail","7":"category-aktualitet","8":"category-vendi"},"_links":{"self":[{"href":"https:\/\/zjarr.tv\/en\/wp-json\/wp\/v2\/posts\/87625","targetHints":{"allow":["GET"]}}],"collection":[{"href":"https:\/\/zjarr.tv\/en\/wp-json\/wp\/v2\/posts"}],"about":[{"href":"https:\/\/zjarr.tv\/en\/wp-json\/wp\/v2\/types\/post"}],"author":[{"embeddable":true,"href":"https:\/\/zjarr.tv\/en\/wp-json\/wp\/v2\/users\/2013"}],"replies":[{"embeddable":true,"href":"https:\/\/zjarr.tv\/en\/wp-json\/wp\/v2\/comments?post=87625"}],"version-history":[{"count":0,"href":"https:\/\/zjarr.tv\/en\/wp-json\/wp\/v2\/posts\/87625\/revisions"}],"wp:featuredmedia":[{"embeddable":true,"href":"https:\/\/zjarr.tv\/en\/wp-json\/wp\/v2\/media\/67154"}],"wp:attachment":[{"href":"https:\/\/zjarr.tv\/en\/wp-json\/wp\/v2\/media?parent=87625"}],"wp:term":[{"taxonomy":"category","embeddable":true,"href":"https:\/\/zjarr.tv\/en\/wp-json\/wp\/v2\/categories?post=87625"},{"taxonomy":"post_tag","embeddable":true,"href":"https:\/\/zjarr.tv\/en\/wp-json\/wp\/v2\/tags?post=87625"}],"curies":[{"name":"wp","href":"https:\/\/api.w.org\/{rel}","templated":true}]}}