{"id":87633,"date":"2019-06-03T17:48:07","date_gmt":"2019-06-03T15:48:07","guid":{"rendered":"https:\/\/zjarr.tv\/?p=87633"},"modified":"2019-06-03T17:48:07","modified_gmt":"2019-06-03T15:48:07","slug":"mot-i-keq-ne-bosnje-permbytje-ne-pjesen-qendrore-te-vendit","status":"publish","type":"post","link":"https:\/\/zjarr.tv\/en\/mot-i-keq-ne-bosnje-permbytje-ne-pjesen-qendrore-te-vendit\/","title":{"rendered":"Mot i keq n\u00eb Bosnje, p\u00ebrmbytje n\u00eb pjes\u00ebn qendrore t\u00eb vendit"},"content":{"rendered":"<p>Nj\u00eb mot i keq me reshje t\u00eb dendura shiu ka p\u00ebrfshir\u00eb pjes\u00ebn qendrore t\u00eb Bosnje-Hercegovin\u00ebs, si pasoj\u00eb e t\u00eb cilit jan\u00eb regjistruar p\u00ebrmbytje n\u00ebp\u00ebr banesa, jan\u00eb shembur disa ura dhe jan\u00eb shkat\u00ebrruar shum\u00eb rrug\u00eb.<\/p>\n<p>Gjithashtu rezultojn\u00eb edhe nj\u00eb num\u00ebr i madh rrug\u00ebsh rajonale t\u00eb bllokuara p\u00ebr shkak t\u00eb daljes s\u00eb lumenjve nga shtret\u00ebrit, por edhe t\u00eb rr\u00ebshqitjes s\u00eb tok\u00ebs.<\/p>\n<p>Gjendja n\u00eb komun\u00ebn Magllajm, paraqitet e r\u00ebnd\u00eb p\u00ebr shkak t\u00eb daljes nga shtrati t\u00eb lumit Fojnica.<\/p>\n<p>N\u00eb rajonin e Zenic\u00ebs komunikimi rrugor \u00ebsht\u00eb nd\u00ebrprer\u00eb.<\/p>\n<p>Deri tani nuk ka njoftime p\u00ebr viktima.<\/p>\n<p>&nbsp;<\/p>","protected":false},"excerpt":{"rendered":"<p>Nj\u00eb mot i keq me reshje t\u00eb dendura shiu ka p\u00ebrfshir\u00eb pjes\u00ebn qendrore t\u00eb Bosnje-Hercegovin\u00ebs, si pasoj\u00eb e t\u00eb cilit jan\u00eb regjistruar p\u00ebrmbytje n\u00ebp\u00ebr banesa, jan\u00eb shembur disa ura dhe jan\u00eb shkat\u00ebrruar shum\u00eb rrug\u00eb. Gjithashtu rezultojn\u00eb edhe nj\u00eb num\u00ebr i madh rrug\u00ebsh rajonale t\u00eb bllokuara p\u00ebr shkak t\u00eb daljes s\u00eb lumenjve nga shtret\u00ebrit, por edhe [&hellip;]<\/p>\n","protected":false},"author":2013,"featured_media":87634,"comment_status":"open","ping_status":"closed","sticky":false,"template":"","format":"standard","meta":{"footnotes":""},"categories":[241,2],"tags":[],"class_list":{"0":"post-87633","1":"post","2":"type-post","3":"status-publish","4":"format-standard","5":"has-post-thumbnail","7":"category-aktualitet","8":"category-rajoni"},"_links":{"self":[{"href":"https:\/\/zjarr.tv\/en\/wp-json\/wp\/v2\/posts\/87633","targetHints":{"allow":["GET"]}}],"collection":[{"href":"https:\/\/zjarr.tv\/en\/wp-json\/wp\/v2\/posts"}],"about":[{"href":"https:\/\/zjarr.tv\/en\/wp-json\/wp\/v2\/types\/post"}],"author":[{"embeddable":true,"href":"https:\/\/zjarr.tv\/en\/wp-json\/wp\/v2\/users\/2013"}],"replies":[{"embeddable":true,"href":"https:\/\/zjarr.tv\/en\/wp-json\/wp\/v2\/comments?post=87633"}],"version-history":[{"count":0,"href":"https:\/\/zjarr.tv\/en\/wp-json\/wp\/v2\/posts\/87633\/revisions"}],"wp:featuredmedia":[{"embeddable":true,"href":"https:\/\/zjarr.tv\/en\/wp-json\/wp\/v2\/media\/87634"}],"wp:attachment":[{"href":"https:\/\/zjarr.tv\/en\/wp-json\/wp\/v2\/media?parent=87633"}],"wp:term":[{"taxonomy":"category","embeddable":true,"href":"https:\/\/zjarr.tv\/en\/wp-json\/wp\/v2\/categories?post=87633"},{"taxonomy":"post_tag","embeddable":true,"href":"https:\/\/zjarr.tv\/en\/wp-json\/wp\/v2\/tags?post=87633"}],"curies":[{"name":"wp","href":"https:\/\/api.w.org\/{rel}","templated":true}]}}