{"id":87639,"date":"2019-06-03T17:50:46","date_gmt":"2019-06-03T15:50:46","guid":{"rendered":"https:\/\/zjarr.tv\/?p=87639"},"modified":"2019-06-03T17:50:46","modified_gmt":"2019-06-03T15:50:46","slug":"grabisnin-banesa-dy-te-arrestuar-ne-kavaje","status":"publish","type":"post","link":"https:\/\/zjarr.tv\/en\/grabisnin-banesa-dy-te-arrestuar-ne-kavaje\/","title":{"rendered":"Grabisnin banesa, dy t\u00eb arrestuar n\u00eb Kavaj\u00eb"},"content":{"rendered":"<p>Dy persona jan\u00eb v\u00ebn\u00eb n\u00eb pranga nga policia e Kavaj\u00ebs teksa u kap\u00ebn n\u00eb flagranc\u00eb duke vjedhur nj\u00eb banes\u00eb.<\/p>\n<p>T\u00eb arrestuarit jan\u00eb shtetasit, N.R. 33 vje\u00e7, banues n\u00eb Kavaj\u00eb dhe A.H.,37 vje\u00e7 banues po n\u00eb Kavaj\u00eb.<\/p>\n<p>Dy t\u00eb arrestuarit dyshohen se jan\u00eb autor\u00eb dhe p\u00ebr kat\u00ebr grabitje t\u00eb banesave t\u00eb tjera, t\u00eb ndodhura n\u00eb muajin prill.<\/p>\n<p>Sipas policis\u00eb, gjat\u00eb kontrollit, u sekuestrohen edhe disa doza l\u00ebnd\u00eb narkotike.<\/p>\n<p><strong>Njoftimi i Policis\u00eb s\u00eb Shtetit:<\/strong><\/p>\n<p>Operacion p\u00ebr parandalimin e vjedhjeve t\u00eb banesave, zbardhjen e atyre t\u00eb ndodhura m\u00eb par\u00eb, si dhe p\u00ebr\u00a0 kapjen dhe arrestimin e autor\u00ebve.<\/p>\n<p>Finalizohet operacioni policor i koduar\u00a0 \u201cV\u00ebzhgimi\u201d.<\/p>\n<p>Kapen n\u00eb flagranc\u00eb n\u00eb banes\u00eb\u00a0 dy shtetas n\u00eb tentativ\u00eb p\u00ebr t\u00eb vjedhur .<\/p>\n<p>Shtetasit e arrestuar t\u00eb d\u00ebnuar m\u00eb par\u00eb\u00a0 p\u00ebr vjedhje.<\/p>\n<p>Zbardhen dhe 4 (kat\u00ebr) vjedhje t\u00eb tjera t\u00eb ndodhura m\u00eb par\u00eb, ku dyshohet se jan\u00eb kryer nga k\u00ebta dy shtetas.<\/p>\n<p>Sekuestrohen edhe disa doza l\u00ebnd\u00eb narkotike q\u00eb\u00a0 nj\u00ebri prej autor\u00ebve i kishte n\u00eb automjetin me t\u00eb cilin qarkullonin p\u00ebr t\u00eb kryer vjedhjet.<\/p>\n<p>N\u00eb vijim t\u00eb pun\u00ebs p\u00ebr parandalimin e vjedhjeve , zbardhjen e atyre t\u00eb ndodhura m\u00eb par\u00eb, si dhe p\u00ebr kapjen\u00a0 dhe arrestimin e autor\u00ebve, Sh\u00ebrbimet e Policis\u00eb t\u00eb Komisariatit t\u00eb Policis\u00eb Kavaj\u00eb, mbi baz\u00ebn e informacioneve t\u00eb grumbulluara p\u00ebr dy shtetas q\u00eb dyshoheshin se kryenin vjedhje t\u00eb banesave dhe lokaleve n\u00eb Kavaj\u00eb, kan\u00eb organizuar pun\u00ebn duke mbajtur n\u00ebn v\u00ebzhgim dy shtetasit e dyshuar.<\/p>\n<p>Si rezultat i mbajtjes n\u00ebn v\u00ebzhgim nga sh\u00ebrbimet policore u b\u00eb e mundur q\u00eb gjat\u00eb operacionit t\u00eb koduar \u201cV\u00ebzhgimi\u201d, n\u00eb or\u00ebt e para t\u00eb m\u00ebngjesit t\u00eb sot\u00ebm,\u00a0 t\u00eb kapeshin n\u00eb flagranc\u00eb n\u00eb banes\u00ebn e shtetasit A.M, ku kishin hyr\u00eb p\u00ebr t\u00eb vjedhur shtetasit:<\/p>\n<p>N.,R 33 vje\u00e7, banues n\u00eb Kavaj\u00eb dhe A.H.,37 vje\u00e7 banues po n\u00eb Kavaj\u00eb, t\u00eb d\u00ebnuar m\u00eb par\u00eb p\u00ebr \u201cVjedhje\u201d.<\/p>\n<p>Shtetasit A.H gjat\u00eb kontrollit t\u00eb ushtruar\u00a0 n\u00eb automjet ju gjet dhe sekuestrua n\u00eb cil\u00ebsin\u00eb e prov\u00ebs materiale nj\u00eb sasi e vog\u00ebl\u00a0 l\u00ebnd\u00eb narkotike e ndar\u00eb n\u00eb doza.<\/p>\n<p>N\u00eb vijim t\u00eb hetimeve, bazuar edhe n\u00eb provat e grumbulluara dyshohet se k\u00ebta shtetas jan\u00eb autor\u00eb dhe t\u00eb 4 vjedhjeve t\u00eb tjera t\u00eb banesave t\u00eb\u00a0 ndodhura gjat\u00eb muajit prill n\u00eb Kavaj\u00eb , ku kan\u00eb vjedhur televizor\u00eb, orendi sht\u00ebpiake, bizhuteri e sende t\u00eb tjera.<\/p>\n<p>Materialet proceduriale do ti referohen Prokuroris\u00eb p\u00ebr veprime t\u00eb m\u00ebtejshme.<\/p>\n<p>&nbsp;<\/p>","protected":false},"excerpt":{"rendered":"<p>Dy persona jan\u00eb v\u00ebn\u00eb n\u00eb pranga nga policia e Kavaj\u00ebs teksa u kap\u00ebn n\u00eb flagranc\u00eb duke vjedhur nj\u00eb banes\u00eb. T\u00eb arrestuarit jan\u00eb shtetasit, N.R. 33 vje\u00e7, banues n\u00eb Kavaj\u00eb dhe A.H.,37 vje\u00e7 banues po n\u00eb Kavaj\u00eb. Dy t\u00eb arrestuarit dyshohen se jan\u00eb autor\u00eb dhe p\u00ebr kat\u00ebr grabitje t\u00eb banesave t\u00eb tjera, t\u00eb ndodhura n\u00eb muajin [&hellip;]<\/p>\n","protected":false},"author":2013,"featured_media":87640,"comment_status":"open","ping_status":"closed","sticky":false,"template":"","format":"standard","meta":{"footnotes":""},"categories":[241,235],"tags":[],"class_list":{"0":"post-87639","1":"post","2":"type-post","3":"status-publish","4":"format-standard","5":"has-post-thumbnail","7":"category-aktualitet","8":"category-vendi"},"_links":{"self":[{"href":"https:\/\/zjarr.tv\/en\/wp-json\/wp\/v2\/posts\/87639","targetHints":{"allow":["GET"]}}],"collection":[{"href":"https:\/\/zjarr.tv\/en\/wp-json\/wp\/v2\/posts"}],"about":[{"href":"https:\/\/zjarr.tv\/en\/wp-json\/wp\/v2\/types\/post"}],"author":[{"embeddable":true,"href":"https:\/\/zjarr.tv\/en\/wp-json\/wp\/v2\/users\/2013"}],"replies":[{"embeddable":true,"href":"https:\/\/zjarr.tv\/en\/wp-json\/wp\/v2\/comments?post=87639"}],"version-history":[{"count":0,"href":"https:\/\/zjarr.tv\/en\/wp-json\/wp\/v2\/posts\/87639\/revisions"}],"wp:featuredmedia":[{"embeddable":true,"href":"https:\/\/zjarr.tv\/en\/wp-json\/wp\/v2\/media\/87640"}],"wp:attachment":[{"href":"https:\/\/zjarr.tv\/en\/wp-json\/wp\/v2\/media?parent=87639"}],"wp:term":[{"taxonomy":"category","embeddable":true,"href":"https:\/\/zjarr.tv\/en\/wp-json\/wp\/v2\/categories?post=87639"},{"taxonomy":"post_tag","embeddable":true,"href":"https:\/\/zjarr.tv\/en\/wp-json\/wp\/v2\/tags?post=87639"}],"curies":[{"name":"wp","href":"https:\/\/api.w.org\/{rel}","templated":true}]}}