{"id":87647,"date":"2019-06-03T18:03:53","date_gmt":"2019-06-03T16:03:53","guid":{"rendered":"https:\/\/zjarr.tv\/?p=87647"},"modified":"2019-06-03T18:03:53","modified_gmt":"2019-06-03T16:03:53","slug":"termeti-ne-korce-rama-te-gjitha-banesat-do-te-rindertohen","status":"publish","type":"post","link":"https:\/\/zjarr.tv\/en\/termeti-ne-korce-rama-te-gjitha-banesat-do-te-rindertohen\/","title":{"rendered":"T\u00ebrmeti n\u00eb Kor\u00e7\u00eb, Rama: T\u00eb gjitha banesat do t\u00eb rind\u00ebrtohen"},"content":{"rendered":"<p>Kryeministri Edi Rama n\u00ebp\u00ebrmjet nj\u00eb postimi n\u00eb facebook, ka njoftuar rind\u00ebrtimin e banesave q\u00eb u shemb\u00ebn p\u00ebr shkak t\u00eb t\u00ebrmetit.<\/p>\n<p>Rama b\u00ebri me dije se vler\u00ebsimi i d\u00ebmeve \u00ebsht\u00eb b\u00ebr\u00eb dhe shum\u00eb shpej do t\u00eb nis\u00eb puna p\u00ebr nd\u00ebrtimine tyre.<\/p>\n<p><em>\u201cTE GJITHA BANESAT DO TE RINDERTOHEN &#8211; Dje, n\u00eb Floq dhe Qaf\u00ebzez\u00eb t\u00eb Kor\u00e7\u00ebs, me banor\u00ebt e prekur nga t\u00ebrmeti q\u00eb goditi k\u00ebt\u00eb rajon, si dhe drejtues t\u00eb institucioneve qendrore dhe lokale. Pas inventarit t\u00eb d\u00ebmeve, nis shum\u00eb shpejt d\u00ebmshp\u00ebrblimi dhe rind\u00ebrtimi p\u00ebr t\u00eb gjitha familjet e prekura nga kjo fatkeq\u00ebsi natyrore!\u201d<\/em>\u00a0shkruan kryeministri Rama.<\/p>\n<p>Aktualisht banor\u00ebt q\u00eb jan\u00eb prekur nga t\u00ebrmeti jan\u00eb akomoduar n\u00eb \u00e7adrat e ushtris\u00eb dhe pohojn\u00eb se kthimi n\u00eb sht\u00ebpi \u00ebsht\u00eb i pamundu p\u00ebr shkak t\u00eb rrezikshm\u00ebris\u00eb s\u00eb lart\u00eb.<\/p>\n<p>&nbsp;<\/p>","protected":false},"excerpt":{"rendered":"<p>Kryeministri Edi Rama n\u00ebp\u00ebrmjet nj\u00eb postimi n\u00eb facebook, ka njoftuar rind\u00ebrtimin e banesave q\u00eb u shemb\u00ebn p\u00ebr shkak t\u00eb t\u00ebrmetit. Rama b\u00ebri me dije se vler\u00ebsimi i d\u00ebmeve \u00ebsht\u00eb b\u00ebr\u00eb dhe shum\u00eb shpej do t\u00eb nis\u00eb puna p\u00ebr nd\u00ebrtimine tyre. \u201cTE GJITHA BANESAT DO TE RINDERTOHEN &#8211; Dje, n\u00eb Floq dhe Qaf\u00ebzez\u00eb t\u00eb Kor\u00e7\u00ebs, me [&hellip;]<\/p>\n","protected":false},"author":2013,"featured_media":87260,"comment_status":"open","ping_status":"closed","sticky":false,"template":"","format":"standard","meta":{"footnotes":""},"categories":[241,235],"tags":[],"class_list":{"0":"post-87647","1":"post","2":"type-post","3":"status-publish","4":"format-standard","5":"has-post-thumbnail","7":"category-aktualitet","8":"category-vendi"},"_links":{"self":[{"href":"https:\/\/zjarr.tv\/en\/wp-json\/wp\/v2\/posts\/87647","targetHints":{"allow":["GET"]}}],"collection":[{"href":"https:\/\/zjarr.tv\/en\/wp-json\/wp\/v2\/posts"}],"about":[{"href":"https:\/\/zjarr.tv\/en\/wp-json\/wp\/v2\/types\/post"}],"author":[{"embeddable":true,"href":"https:\/\/zjarr.tv\/en\/wp-json\/wp\/v2\/users\/2013"}],"replies":[{"embeddable":true,"href":"https:\/\/zjarr.tv\/en\/wp-json\/wp\/v2\/comments?post=87647"}],"version-history":[{"count":0,"href":"https:\/\/zjarr.tv\/en\/wp-json\/wp\/v2\/posts\/87647\/revisions"}],"wp:featuredmedia":[{"embeddable":true,"href":"https:\/\/zjarr.tv\/en\/wp-json\/wp\/v2\/media\/87260"}],"wp:attachment":[{"href":"https:\/\/zjarr.tv\/en\/wp-json\/wp\/v2\/media?parent=87647"}],"wp:term":[{"taxonomy":"category","embeddable":true,"href":"https:\/\/zjarr.tv\/en\/wp-json\/wp\/v2\/categories?post=87647"},{"taxonomy":"post_tag","embeddable":true,"href":"https:\/\/zjarr.tv\/en\/wp-json\/wp\/v2\/tags?post=87647"}],"curies":[{"name":"wp","href":"https:\/\/api.w.org\/{rel}","templated":true}]}}