{"id":87990,"date":"2019-06-05T15:13:15","date_gmt":"2019-06-05T13:13:15","guid":{"rendered":"https:\/\/zjarr.tv\/?p=87990"},"modified":"2019-06-05T15:13:15","modified_gmt":"2019-06-05T13:13:15","slug":"berisha-rezultati-pozitiv-ndaj-islandes-na-mban-ne-loje-per-kualifikim","status":"publish","type":"post","link":"https:\/\/zjarr.tv\/en\/berisha-rezultati-pozitiv-ndaj-islandes-na-mban-ne-loje-per-kualifikim\/","title":{"rendered":"Berisha: Rezultati pozitiv ndaj Island\u00ebs na mban n\u00eb loj\u00eb p\u00ebr kualifikim"},"content":{"rendered":"<p>Portieri i Komb\u00ebtares shqiptare Etrit Berisha ka folur n\u00eb prag t\u00eb p\u00ebrballjes kund\u00ebr Island\u00ebs e vlefshme p\u00ebr eliminatoret n\u00eb Euro 2020<\/p>\n<p>N\u00eb nj\u00eb deklarat\u00eb p\u00ebr mediat, \u201cgardiani\u201d i Atalant\u00ebs theksoi se nj\u00eb rezultat i mir\u00eb me islandez\u00ebt, mban n\u00eb loj\u00eb kuqezinjt\u00eb p\u00ebr kualifikimin.<\/p>\n<p>\u201cMund t\u00eb them q\u00eb atmosfera \u00ebsht\u00eb e mir\u00eb. Kemi nj\u00eb trajner me eksperienc\u00eb t\u00eb madhe dhe \u00ebsht\u00eb munduar ta b\u00ebj\u00eb ekipin entuziast. Tani p\u00ebr tani, jemi t\u00eb lumtur, pasi po kalojm\u00eb mir\u00eb si n\u00eb st\u00ebrvitje dhe jasht\u00eb.<\/p>\n<p>Nuk duhet t\u00eb kemi presion. T\u00eb gjitha ndeshjet jan\u00eb t\u00eb r\u00ebnd\u00ebsishme. Nj\u00eb rezultat i mir\u00eb do t\u00eb hapte shpresat p\u00ebr kualifikim. Jemi nj\u00eb grup ku nuk ka shum\u00eb diferenca\u201d, tha fillimisht ai.<\/p>\n<p><strong>Islanda, rival direkt:<\/strong>\u00a0Luajm\u00eb ndaj nj\u00eb kund\u00ebrshtari direkt p\u00ebr kualifikim, \u00e7ka do t\u00eb thot\u00eb shum\u00eb p\u00ebr moralin dhe vet\u00ebbesimin e ekipit. Do t\u00eb mundohemi ta p\u00ebrgatisim sa m\u00eb mir\u00eb k\u00ebt\u00eb ndeshje dhe t\u00eb shohim. I kemi cil\u00ebsit\u00eb e duhura p\u00ebr t\u00eb marr\u00eb nj\u00eb rezultat pozitiv. Mendoj q\u00eb Islanda, p\u00ebrve\u00e7 loj\u00ebs n\u00eb aj\u00ebr, ka dhe cil\u00ebsi t\u00eb tjera. Gjithsesi, jemi n\u00eb k\u00ebt\u00eb periudh\u00eb ku e kemi n\u00eb konsiderat\u00eb k\u00ebt\u00eb gj\u00eb.<\/p>\n<p><strong>Mbrojtja<\/strong>: Kemi shum\u00eb lojtar\u00eb q\u00eb mund t\u00eb b\u00ebjn\u00eb mir\u00eb n\u00eb k\u00ebt\u00eb repart. Kemi lojtar\u00eb me eksperienc\u00eb dhe lojtar\u00eb q\u00eb luajn\u00eb n\u00eb kampionate t\u00eb r\u00ebnd\u00ebsishme. Mund t\u00eb them q\u00eb jemi t\u00eb konsoliduar n\u00eb k\u00ebt\u00eb repart. Diferenc\u00ebn e kan\u00eb b\u00ebr\u00eb gabimet tona. Besoj se do t\u2019i eliminojm\u00eb k\u00ebto gabime dhe do t\u00eb kemi mund\u00ebsi p\u00ebr rezultat pozitiv. N\u00ebse dalim mir\u00eb nga kjo ndeshje, do t\u00eb kemi vet\u00ebbesim dhe n\u00eb ato q\u00eb vijojn\u00eb.<\/p>\n<p>&nbsp;<\/p>","protected":false},"excerpt":{"rendered":"<p>Portieri i Komb\u00ebtares shqiptare Etrit Berisha ka folur n\u00eb prag t\u00eb p\u00ebrballjes kund\u00ebr Island\u00ebs e vlefshme p\u00ebr eliminatoret n\u00eb Euro 2020 N\u00eb nj\u00eb deklarat\u00eb p\u00ebr mediat, \u201cgardiani\u201d i Atalant\u00ebs theksoi se nj\u00eb rezultat i mir\u00eb me islandez\u00ebt, mban n\u00eb loj\u00eb kuqezinjt\u00eb p\u00ebr kualifikimin. \u201cMund t\u00eb them q\u00eb atmosfera \u00ebsht\u00eb e mir\u00eb. Kemi nj\u00eb trajner me [&hellip;]<\/p>\n","protected":false},"author":2013,"featured_media":87991,"comment_status":"open","ping_status":"closed","sticky":false,"template":"","format":"standard","meta":{"footnotes":""},"categories":[241,192],"tags":[],"class_list":{"0":"post-87990","1":"post","2":"type-post","3":"status-publish","4":"format-standard","5":"has-post-thumbnail","7":"category-aktualitet","8":"category-sport"},"_links":{"self":[{"href":"https:\/\/zjarr.tv\/en\/wp-json\/wp\/v2\/posts\/87990","targetHints":{"allow":["GET"]}}],"collection":[{"href":"https:\/\/zjarr.tv\/en\/wp-json\/wp\/v2\/posts"}],"about":[{"href":"https:\/\/zjarr.tv\/en\/wp-json\/wp\/v2\/types\/post"}],"author":[{"embeddable":true,"href":"https:\/\/zjarr.tv\/en\/wp-json\/wp\/v2\/users\/2013"}],"replies":[{"embeddable":true,"href":"https:\/\/zjarr.tv\/en\/wp-json\/wp\/v2\/comments?post=87990"}],"version-history":[{"count":0,"href":"https:\/\/zjarr.tv\/en\/wp-json\/wp\/v2\/posts\/87990\/revisions"}],"wp:featuredmedia":[{"embeddable":true,"href":"https:\/\/zjarr.tv\/en\/wp-json\/wp\/v2\/media\/87991"}],"wp:attachment":[{"href":"https:\/\/zjarr.tv\/en\/wp-json\/wp\/v2\/media?parent=87990"}],"wp:term":[{"taxonomy":"category","embeddable":true,"href":"https:\/\/zjarr.tv\/en\/wp-json\/wp\/v2\/categories?post=87990"},{"taxonomy":"post_tag","embeddable":true,"href":"https:\/\/zjarr.tv\/en\/wp-json\/wp\/v2\/tags?post=87990"}],"curies":[{"name":"wp","href":"https:\/\/api.w.org\/{rel}","templated":true}]}}