{"id":88702,"date":"2019-06-08T19:53:27","date_gmt":"2019-06-08T17:53:27","guid":{"rendered":"https:\/\/zjarr.tv\/?p=88702"},"modified":"2019-06-08T19:53:27","modified_gmt":"2019-06-08T17:53:27","slug":"voa-jehone-vendimit-te-presidentit","status":"publish","type":"post","link":"https:\/\/zjarr.tv\/en\/voa-jehone-vendimit-te-presidentit\/","title":{"rendered":"VOA jehon\u00eb vendimit t\u00eb Presidentit"},"content":{"rendered":"<p>Presidenti Ilir Meta ka vendosur t\u00eb anuloj\u00eb dat\u00ebn e zgjedhjeve vendore t\u00eb 30 qershorit.<\/p>\n<p>Lajmi menj\u00ebher\u00eb \u00ebsht\u00eb shp\u00ebrndar\u00eb, nd\u00ebrsa Z\u00ebri i Amerik\u00ebs i ka b\u00ebr\u00eb menj\u00ebher\u00eb jehon\u00eb k\u00ebtij vendimi.<\/p>\n<p>Lajmi i Z\u00ebrit t\u00eb Amerik\u00ebs:<\/p>\n<p>N\u00eb Shqip\u00ebri Presidenti Ilir Meta njoftoi sot se ka vendosur t\u00eb shtyj\u00eb dat\u00ebn e zgjedhjeve vendore t\u00eb 30 Qershorit. Njoftimi i tij u b\u00eb pak p\u00ebrpara nisjes zyrtare t\u00eb protest\u00ebs s\u00eb opozit\u00ebs sot n\u00eb mbr\u00ebmje.<\/p>\n<p>Presidenti ka b\u00ebr\u00eb t\u00eb ditur vet\u00ebm anullimin e dekretit me an\u00eb t\u00eb t\u00eb cilit ai kishte shpallur 30 qershorit si dat\u00eb, duke shpjeguar se \u2018dit\u00ebn e h\u00ebn\u00eb, dat\u00eb 10 qershor, n\u00eb m\u00ebngjes, Institucioni i Presidentit t\u00eb Republik\u00ebs do t\u00eb b\u00ebj\u00eb publikisht me dije t\u00eb gjith\u00eb argumentat shteruese kushtetues, ligjor\u00eb dhe logjik\u00eb q\u00eb \u00e7uan n\u00eb marrjen e k\u00ebtij vendimi\u2019.<\/p>\n<p>N\u00eb deklarat\u00ebn e shp\u00ebrndar\u00eb nga zyra e tij, zoti Meta shpjegon arsyet e vendimit t\u00eb tij. Sipas deklarat\u00ebs, ky vendimi ka ardhur si pasoj\u00eb e \u2018shqet\u00ebsimit t\u00eb thell\u00eb p\u00ebr situat\u00ebn kritike t\u00eb krijuar n\u00eb vend si pasoj\u00eb e mos-reflektimit t\u00eb asnj\u00ebr\u00ebs pal\u00eb\u2019, dhe se p\u00ebr k\u00ebt\u00eb ai \u2018ka patur parasysh domosdoshm\u00ebrin\u00eb e \u00e7tensionimit urgjent t\u00eb situat\u00ebs dhe t\u00eb rrezikut t\u00eb p\u00ebrshkall\u00ebzimit t\u00eb paparashikuesh\u00ebm t\u00eb konfliktit n\u00eb vend, se ka marr\u00eb p\u00ebrgjegj\u00ebsin\u00eb e lart\u00eb kushtetuese e institucionale, dhe i bindur se mbrojtja e parimeve kushtetuese \u00ebsht\u00eb m\u00eb e r\u00ebnd\u00ebsishme se \u00e7do afat ligjor, si Kreu i Shtetit dhe duke iu p\u00ebrmbajtur betimit p\u00ebr t\u2019i sh\u00ebrbyer ruajtjes me \u00e7do kusht t\u00eb stabilitetit, paqes sociale dhe unitetit komb\u00ebtar, dhe se ka vet\u00ebdijen e plot\u00eb se kushtet aktuale nuk mund\u00ebsojn\u00eb zhvillimin e zgjedhjeve t\u00eb v\u00ebrteta, demokratike, p\u00ebrfaq\u00ebsuese dhe gjith\u00ebp\u00ebrfshir\u00ebse. Zgjedhjet e lira dhe t\u00eb ndershme jan\u00eb kriter kryesor i Kopenhag\u00ebs dhe n\u00eb kushtet aktuale, p\u00ebr munges\u00eb p\u00ebrgjegj\u00ebsie t\u00eb t\u00eb dy pal\u00ebve, po shkojm\u00eb drejt votimeve nj\u00eb partiake. N\u00eb k\u00ebt\u00eb m\u00ebnyr\u00eb minohet \u00e7do mund\u00ebsi p\u00ebr \u00e7eljen e negociatave t\u00eb an\u00ebtar\u00ebsimit me Bashkimin Evropian, d\u00ebmtohet imazhi si vend an\u00ebtar i NATO-s dhe cenohet kryesimi i OSBE-n\u00eb p\u00ebr vitin 2020\u2019.<\/p>\n<p>N\u00eb deklarat\u00ebn e tij, presidenti fton \u2018t\u00eb gjith\u00eb aktor\u00ebt e p\u00ebrgjegjsh\u00ebm vendas dhe nd\u00ebrkomb\u00ebtar\u00eb t\u00eb bashkojn\u00eb kontributet konstruktive p\u00ebr rivendosjen urgjent t\u00eb dialogut t\u00eb paz\u00ebvend\u00ebsuesh\u00ebm politik dhe p\u00ebr gjetjen e nj\u00eb zgjidhjeje t\u00eb shpejt\u00eb dhe q\u00eb i sh\u00ebrben t\u00eb ardhmes evropiane t\u00eb Shqip\u00ebris\u00eb\u2019.<\/p>\n<p>&nbsp;<\/p>","protected":false},"excerpt":{"rendered":"<p>Presidenti Ilir Meta ka vendosur t\u00eb anuloj\u00eb dat\u00ebn e zgjedhjeve vendore t\u00eb 30 qershorit. Lajmi menj\u00ebher\u00eb \u00ebsht\u00eb shp\u00ebrndar\u00eb, nd\u00ebrsa Z\u00ebri i Amerik\u00ebs i ka b\u00ebr\u00eb menj\u00ebher\u00eb jehon\u00eb k\u00ebtij vendimi. Lajmi i Z\u00ebrit t\u00eb Amerik\u00ebs: N\u00eb Shqip\u00ebri Presidenti Ilir Meta njoftoi sot se ka vendosur t\u00eb shtyj\u00eb dat\u00ebn e zgjedhjeve vendore t\u00eb 30 Qershorit. Njoftimi i [&hellip;]<\/p>\n","protected":false},"author":2013,"featured_media":88703,"comment_status":"open","ping_status":"closed","sticky":false,"template":"","format":"standard","meta":{"footnotes":""},"categories":[241,235],"tags":[],"class_list":{"0":"post-88702","1":"post","2":"type-post","3":"status-publish","4":"format-standard","5":"has-post-thumbnail","7":"category-aktualitet","8":"category-vendi"},"_links":{"self":[{"href":"https:\/\/zjarr.tv\/en\/wp-json\/wp\/v2\/posts\/88702","targetHints":{"allow":["GET"]}}],"collection":[{"href":"https:\/\/zjarr.tv\/en\/wp-json\/wp\/v2\/posts"}],"about":[{"href":"https:\/\/zjarr.tv\/en\/wp-json\/wp\/v2\/types\/post"}],"author":[{"embeddable":true,"href":"https:\/\/zjarr.tv\/en\/wp-json\/wp\/v2\/users\/2013"}],"replies":[{"embeddable":true,"href":"https:\/\/zjarr.tv\/en\/wp-json\/wp\/v2\/comments?post=88702"}],"version-history":[{"count":0,"href":"https:\/\/zjarr.tv\/en\/wp-json\/wp\/v2\/posts\/88702\/revisions"}],"wp:featuredmedia":[{"embeddable":true,"href":"https:\/\/zjarr.tv\/en\/wp-json\/wp\/v2\/media\/88703"}],"wp:attachment":[{"href":"https:\/\/zjarr.tv\/en\/wp-json\/wp\/v2\/media?parent=88702"}],"wp:term":[{"taxonomy":"category","embeddable":true,"href":"https:\/\/zjarr.tv\/en\/wp-json\/wp\/v2\/categories?post=88702"},{"taxonomy":"post_tag","embeddable":true,"href":"https:\/\/zjarr.tv\/en\/wp-json\/wp\/v2\/tags?post=88702"}],"curies":[{"name":"wp","href":"https:\/\/api.w.org\/{rel}","templated":true}]}}