{"id":88836,"date":"2019-06-09T16:19:44","date_gmt":"2019-06-09T14:19:44","guid":{"rendered":"https:\/\/zjarr.tv\/?p=88836"},"modified":"2019-06-09T16:19:44","modified_gmt":"2019-06-09T14:19:44","slug":"maqedoni-e-veriut-jepen-me-qera-zyrat-e-presidentit","status":"publish","type":"post","link":"https:\/\/zjarr.tv\/en\/maqedoni-e-veriut-jepen-me-qera-zyrat-e-presidentit\/","title":{"rendered":"Maqedoni e Veriut, jepen me qera zyrat e Presidentit"},"content":{"rendered":"<p>Zyrat popullore t\u00eb Presidentit jepen me qira. Ish kryetari i shtetit Gjorge Ivanov ka mbyllur t\u00eb gjitha zyrat p\u00ebrmes t\u00eb cilave ka komunikuar me qytetar\u00ebt, nd\u00ebrsa presidenti i ri Stevo Pendarovski, planifikon t\u2019i shnd\u00ebrroj\u00eb n\u00eb qendra rinore. Kontakti i vet\u00ebm i qytetar\u00ebve p\u00ebr ankesa, iniciativa ose lutje me presidentin e shtetit mbetet p\u00ebrmes post\u00ebs\u201d.<br \/>\n\u201c\u00cbsht\u00eb hartuar analiza p\u00ebr zyr\u00ebn popullore n\u00eb Shkup dhe \u00ebsht\u00eb konstatuar q\u00eb me q\u00ebllim realizimin e programit dhe projekteve t\u00eb presidentit Pendarovski, vendi ku ka qen\u00eb e vendosur zyra do t\u00eb ruhet me q\u00ebllim organizimin e aktiviteteve t\u00eb dedikuara p\u00ebr t\u00eb rinjt\u00eb por edhe si sken\u00eb alternative\u201d. \u2013 theksuan nga Kabineti i Presidentit<br \/>\nZyra t\u00eb tilla ka pasur edhe n\u00ebp\u00ebr qytete tjera, por si\u00e7 b\u00ebjn\u00eb me dije nga Vodno, t\u00eb gjitha jan\u00eb mbyllur me vendim t\u00eb ish presidentit Ivanov. N\u00eb objektet ku kan\u00eb qen\u00eb t\u00eb vendosura p\u00ebrfaq\u00ebsit\u00eb e presidentit, nuk ka mbetur asgj\u00eb q\u00eb le t\u00eb kuptohet se m\u00eb her\u00ebt kjo hap\u00ebsir\u00eb \u00ebsht\u00eb shfryt\u00ebzuar p\u00ebr komunikim me institucionin m\u00eb ta lart\u00eb n\u00eb shtet. Zyra n\u00eb Shkup ishte pik\u00ebtakimi ku protestuesit ndaleshin dhe akuzonin apo fal\u00ebnderonin ish presidentin p\u00ebr vendimet e tij. N\u00eb vitin 2016 \u201cRevolucioni laraman\u201d i kishte demoluar dhe kishin v\u00ebn\u00eb flak\u00ebn zyr\u00ebs popullore, si revolt\u00eb kund\u00ebr abolimit q\u00eb Ivanov e aplikoi aso kohe ndaj dhjet\u00ebra funksionar\u00ebve t\u00eb pushtetit dhe opozit\u00ebs aso koh\u00eb. Nj\u00eb vit m\u00eb von\u00eb, n\u00eb protestat \u201cP\u00ebr Maqedoni t\u00eb p\u00ebrbashk\u00ebt\u201d, protestuesit ndaleshin dhe fal\u00ebnderonin ish kreun e shtetit Ivanov p\u00ebr mos dh\u00ebnien e mandatit me q\u00ebllim formimin e Qeveris\u00eb sipas \u201cPlatform\u00ebs s\u00eb Tiran\u00ebs\u201d.<\/p>","protected":false},"excerpt":{"rendered":"<p>Zyrat popullore t\u00eb Presidentit jepen me qira. Ish kryetari i shtetit Gjorge Ivanov ka mbyllur t\u00eb gjitha zyrat p\u00ebrmes t\u00eb cilave ka komunikuar me qytetar\u00ebt, nd\u00ebrsa presidenti i ri Stevo Pendarovski, planifikon t\u2019i shnd\u00ebrroj\u00eb n\u00eb qendra rinore. Kontakti i vet\u00ebm i qytetar\u00ebve p\u00ebr ankesa, iniciativa ose lutje me presidentin e shtetit mbetet p\u00ebrmes post\u00ebs\u201d. \u201c\u00cbsht\u00eb [&hellip;]<\/p>\n","protected":false},"author":2013,"featured_media":88837,"comment_status":"open","ping_status":"closed","sticky":false,"template":"","format":"standard","meta":{"footnotes":""},"categories":[241,2],"tags":[],"class_list":{"0":"post-88836","1":"post","2":"type-post","3":"status-publish","4":"format-standard","5":"has-post-thumbnail","7":"category-aktualitet","8":"category-rajoni"},"_links":{"self":[{"href":"https:\/\/zjarr.tv\/en\/wp-json\/wp\/v2\/posts\/88836","targetHints":{"allow":["GET"]}}],"collection":[{"href":"https:\/\/zjarr.tv\/en\/wp-json\/wp\/v2\/posts"}],"about":[{"href":"https:\/\/zjarr.tv\/en\/wp-json\/wp\/v2\/types\/post"}],"author":[{"embeddable":true,"href":"https:\/\/zjarr.tv\/en\/wp-json\/wp\/v2\/users\/2013"}],"replies":[{"embeddable":true,"href":"https:\/\/zjarr.tv\/en\/wp-json\/wp\/v2\/comments?post=88836"}],"version-history":[{"count":0,"href":"https:\/\/zjarr.tv\/en\/wp-json\/wp\/v2\/posts\/88836\/revisions"}],"wp:featuredmedia":[{"embeddable":true,"href":"https:\/\/zjarr.tv\/en\/wp-json\/wp\/v2\/media\/88837"}],"wp:attachment":[{"href":"https:\/\/zjarr.tv\/en\/wp-json\/wp\/v2\/media?parent=88836"}],"wp:term":[{"taxonomy":"category","embeddable":true,"href":"https:\/\/zjarr.tv\/en\/wp-json\/wp\/v2\/categories?post=88836"},{"taxonomy":"post_tag","embeddable":true,"href":"https:\/\/zjarr.tv\/en\/wp-json\/wp\/v2\/tags?post=88836"}],"curies":[{"name":"wp","href":"https:\/\/api.w.org\/{rel}","templated":true}]}}