{"id":88844,"date":"2019-06-09T16:27:10","date_gmt":"2019-06-09T14:27:10","guid":{"rendered":"https:\/\/zjarr.tv\/?p=88844"},"modified":"2019-06-09T16:27:10","modified_gmt":"2019-06-09T14:27:10","slug":"moldavi-presidenti-therret-zgjedhjet-e-jashtezakonshme","status":"publish","type":"post","link":"https:\/\/zjarr.tv\/en\/moldavi-presidenti-therret-zgjedhjet-e-jashtezakonshme\/","title":{"rendered":"Moldavi, Presidenti th\u00ebrret zgjedhjet e jasht\u00ebzakonshme"},"content":{"rendered":"<p>Presidenti n\u00eb detyr\u00eb i Moldavis\u00eb, Pavel Filip ka shp\u00ebrb\u00ebr\u00eb Parlamentin dhe ka thirrur zgjedhje t\u00eb jasht\u00ebzakonshme t\u00eb mbahen m\u00eb 6 shtator, teksa shteti i ish-Bashkimit Sovjetik po p\u00ebrballet me nj\u00eb kriz\u00eb t\u00eb madhe politike.<\/p>\n<p>Filip njoftoi p\u00ebr k\u00ebt\u00eb vendim sot, vet\u00ebm pak koh\u00eb pasi Gjykata Kushtetuese e rr\u00ebzoi nga pushteti presidentin pro-rus, Igor Dodon dhe e em\u00ebroi Filip \u2013 i cili \u00ebsht\u00eb kryeminist\u00ebr n\u00eb detyr\u00eb \u2013 si president n\u00eb detyr\u00eb.<\/p>\n<p>Qindra persona dol\u00ebn n\u00eb rrug\u00ebt e kryeqytetit moldav, Kishiniev q\u00eb prej 8 qershorit, p\u00ebr t\u00eb protestuar kund\u00ebr Dodon dhe p\u00ebr t\u00eb mb\u00ebshtetur vendimin e Gjykat\u00ebs Kushtetuese. Protesta \u00ebsht\u00eb organizuar nga Partia Demokratike, q\u00eb udh\u00ebhiqet nga Vlad Plahotniuc, q\u00eb \u00ebsht\u00eb personi m\u00eb i pasur n\u00eb Moldavi.<\/p>\n<p>&nbsp;<\/p>\n<p>Njoftimi i presidentit n\u00eb detyr\u00eb, Filip, vjen vet\u00ebm nj\u00eb dit\u00eb pasi lider\u00ebt parlamentar\u00eb u takuan n\u00eb nj\u00eb seanc\u00eb t\u00eb jasht\u00ebzakonshme, duke tentuar q\u00eb t\u00eb formojn\u00eb Qeverin\u00eb, pas zgjedhjeve t\u00eb mbajtura n\u00eb shkurt.<\/p>\n<p>&nbsp;<\/p>","protected":false},"excerpt":{"rendered":"<p>Presidenti n\u00eb detyr\u00eb i Moldavis\u00eb, Pavel Filip ka shp\u00ebrb\u00ebr\u00eb Parlamentin dhe ka thirrur zgjedhje t\u00eb jasht\u00ebzakonshme t\u00eb mbahen m\u00eb 6 shtator, teksa shteti i ish-Bashkimit Sovjetik po p\u00ebrballet me nj\u00eb kriz\u00eb t\u00eb madhe politike. Filip njoftoi p\u00ebr k\u00ebt\u00eb vendim sot, vet\u00ebm pak koh\u00eb pasi Gjykata Kushtetuese e rr\u00ebzoi nga pushteti presidentin pro-rus, Igor Dodon dhe [&hellip;]<\/p>\n","protected":false},"author":2013,"featured_media":88845,"comment_status":"open","ping_status":"closed","sticky":false,"template":"","format":"standard","meta":{"footnotes":""},"categories":[241,2],"tags":[],"class_list":{"0":"post-88844","1":"post","2":"type-post","3":"status-publish","4":"format-standard","5":"has-post-thumbnail","7":"category-aktualitet","8":"category-rajoni"},"_links":{"self":[{"href":"https:\/\/zjarr.tv\/en\/wp-json\/wp\/v2\/posts\/88844","targetHints":{"allow":["GET"]}}],"collection":[{"href":"https:\/\/zjarr.tv\/en\/wp-json\/wp\/v2\/posts"}],"about":[{"href":"https:\/\/zjarr.tv\/en\/wp-json\/wp\/v2\/types\/post"}],"author":[{"embeddable":true,"href":"https:\/\/zjarr.tv\/en\/wp-json\/wp\/v2\/users\/2013"}],"replies":[{"embeddable":true,"href":"https:\/\/zjarr.tv\/en\/wp-json\/wp\/v2\/comments?post=88844"}],"version-history":[{"count":0,"href":"https:\/\/zjarr.tv\/en\/wp-json\/wp\/v2\/posts\/88844\/revisions"}],"wp:featuredmedia":[{"embeddable":true,"href":"https:\/\/zjarr.tv\/en\/wp-json\/wp\/v2\/media\/88845"}],"wp:attachment":[{"href":"https:\/\/zjarr.tv\/en\/wp-json\/wp\/v2\/media?parent=88844"}],"wp:term":[{"taxonomy":"category","embeddable":true,"href":"https:\/\/zjarr.tv\/en\/wp-json\/wp\/v2\/categories?post=88844"},{"taxonomy":"post_tag","embeddable":true,"href":"https:\/\/zjarr.tv\/en\/wp-json\/wp\/v2\/tags?post=88844"}],"curies":[{"name":"wp","href":"https:\/\/api.w.org\/{rel}","templated":true}]}}