{"id":88856,"date":"2019-06-09T16:39:21","date_gmt":"2019-06-09T14:39:21","guid":{"rendered":"https:\/\/zjarr.tv\/?p=88856"},"modified":"2019-06-09T16:39:21","modified_gmt":"2019-06-09T14:39:21","slug":"raporti-per-pergjimet-zyrtare-pa-certifikata-sigurie-mbajten-dosjet-sekret","status":"publish","type":"post","link":"https:\/\/zjarr.tv\/en\/raporti-per-pergjimet-zyrtare-pa-certifikata-sigurie-mbajten-dosjet-sekret\/","title":{"rendered":"Raporti p\u00ebr p\u00ebrgjimet, zyrtar\u00eb pa certifikata sigurie mbajt\u00ebn dosjet sekret"},"content":{"rendered":"<p>Publikimi i p\u00ebrgjimeve nga dosjet e bujshme p\u00ebrfshir\u00eb edhe procedimin penal 339 duket se ka qen\u00eb nj\u00eb shqet\u00ebsim i vazhduesh\u00ebm brenda Prokuroris\u00eb s\u00eb Krimeve t\u00eb R\u00ebnda gjat\u00eb dy viteve t\u00eb fundit.<\/p>\n<p>N\u00eb nj\u00eb raport vjetor q\u00eb drejtuesja aktuale e prokuroris\u00eb Donika Prela i ka paraqitur kryeprokurores Arta Marku evidentohen udh\u00ebzimet e shumta t\u00eb nxjerra dhe kontrollet e verifikimet e kryera brenda institucionit me q\u00ebllim mbajtjen sekret t\u00eb p\u00ebrgjimeve t\u00eb realizuara gjat\u00eb hetimit t\u00eb \u00e7\u00ebshtjeve penale.<\/p>\n<p>Titullarja e krimeve t\u00eb r\u00ebnda thekson n\u00eb raport se gjat\u00eb k\u00ebtyre kontrolleve ka konstatuar mang\u00ebsi n\u00eb mbajtjen e dokumentacionit nga prokuror\u00ebt e \u00e7\u00ebshtjeve.<\/p>\n<p>N\u00eb nj\u00eb udh\u00ebzim me num\u00ebr 4 t\u00eb dat\u00ebs 26 tetor 2018 \u201cP\u00ebr p\u00ebrgjimet\u201d, \u00ebsht\u00eb k\u00ebrkuar nga Prokuror\u00ebt ruajtja sekret e t\u00eb dh\u00ebnave nga p\u00ebrgjimet si dhe pasqyrimi i t\u00eb dh\u00ebnave n\u00eb regjistrin e p\u00ebrgjimeve. Sipas Donika Prel\u00ebs, jan\u00eb gjetur mang\u00ebsi nga prokuror\u00ebt n\u00eb lidhje me pasqyrimin e t\u00eb dh\u00ebnave n\u00eb regjistrin e p\u00ebrgjimeve.<\/p>\n<p>Punonj\u00ebsi i ngarkuar me ruajtjen e t\u00eb dh\u00ebnave ka raportuar se prokuror\u00ebt nuk pasqyrojn\u00eb n\u00eb regjist\u00ebr sh\u00ebnimet p\u00ebrkat\u00ebse p\u00ebr rastet e p\u00ebrgjimeve. Sipas raportit, gjat\u00eb viteve 2018-2019 \u00ebsht\u00eb b\u00ebr\u00eb verifikimi i kushteve t\u00eb ruajtjes s\u00eb informacionit, ku rezulton se n\u00eb Prokurorin\u00eb e Krimeve t\u00eb R\u00ebnda, mbahet nj\u00eb regjist\u00ebr p\u00ebr hyrjen dhe daljen e materialeve sekrete.<\/p>\n<p>K\u00ebto materiale ruhen dhe administrohen n\u00eb kasafort\u00eb konform rregullave, por drejtuesja e krimeve t\u00eb r\u00ebnda ka ngritur shqet\u00ebsimin se t\u00eb dh\u00ebnat sekrete jan\u00eb mbajtur nga oficer\u00eb e prokuror\u00eb q\u00eb nuk kan\u00eb pasur certifikat\u00eb sigurie.<\/p>\n<p>Kryeprokurorja e krimeve t\u00eb r\u00ebnda b\u00ebn me dije n\u00eb raport se nga kontrollet ka rezultuar se disa nga prokuror\u00ebt e oficer\u00ebt e k\u00ebtyre \u00e7\u00ebshtjeve kishin certifikate sigurie, nd\u00ebrsa nj\u00eb pjese t\u00eb tyre u kishte mbaruar afati i certifikat\u00ebs.<\/p>\n<p>Sipas raportit, gjat\u00eb vitit 2018 jan\u00eb p\u00ebrgjuar gjithsej 2146 numra telefonik\u00eb, nga 2415 numra t\u00eb p\u00ebrgjuar n\u00eb vitin paraardh\u00ebs 2017.<\/p>\n<p>&nbsp;<\/p>","protected":false},"excerpt":{"rendered":"<p>Publikimi i p\u00ebrgjimeve nga dosjet e bujshme p\u00ebrfshir\u00eb edhe procedimin penal 339 duket se ka qen\u00eb nj\u00eb shqet\u00ebsim i vazhduesh\u00ebm brenda Prokuroris\u00eb s\u00eb Krimeve t\u00eb R\u00ebnda gjat\u00eb dy viteve t\u00eb fundit. N\u00eb nj\u00eb raport vjetor q\u00eb drejtuesja aktuale e prokuroris\u00eb Donika Prela i ka paraqitur kryeprokurores Arta Marku evidentohen udh\u00ebzimet e shumta t\u00eb nxjerra dhe [&hellip;]<\/p>\n","protected":false},"author":2013,"featured_media":87940,"comment_status":"open","ping_status":"closed","sticky":false,"template":"","format":"standard","meta":{"footnotes":""},"categories":[241,235],"tags":[],"class_list":{"0":"post-88856","1":"post","2":"type-post","3":"status-publish","4":"format-standard","5":"has-post-thumbnail","7":"category-aktualitet","8":"category-vendi"},"_links":{"self":[{"href":"https:\/\/zjarr.tv\/en\/wp-json\/wp\/v2\/posts\/88856","targetHints":{"allow":["GET"]}}],"collection":[{"href":"https:\/\/zjarr.tv\/en\/wp-json\/wp\/v2\/posts"}],"about":[{"href":"https:\/\/zjarr.tv\/en\/wp-json\/wp\/v2\/types\/post"}],"author":[{"embeddable":true,"href":"https:\/\/zjarr.tv\/en\/wp-json\/wp\/v2\/users\/2013"}],"replies":[{"embeddable":true,"href":"https:\/\/zjarr.tv\/en\/wp-json\/wp\/v2\/comments?post=88856"}],"version-history":[{"count":0,"href":"https:\/\/zjarr.tv\/en\/wp-json\/wp\/v2\/posts\/88856\/revisions"}],"wp:featuredmedia":[{"embeddable":true,"href":"https:\/\/zjarr.tv\/en\/wp-json\/wp\/v2\/media\/87940"}],"wp:attachment":[{"href":"https:\/\/zjarr.tv\/en\/wp-json\/wp\/v2\/media?parent=88856"}],"wp:term":[{"taxonomy":"category","embeddable":true,"href":"https:\/\/zjarr.tv\/en\/wp-json\/wp\/v2\/categories?post=88856"},{"taxonomy":"post_tag","embeddable":true,"href":"https:\/\/zjarr.tv\/en\/wp-json\/wp\/v2\/tags?post=88856"}],"curies":[{"name":"wp","href":"https:\/\/api.w.org\/{rel}","templated":true}]}}