{"id":88858,"date":"2019-06-09T16:42:27","date_gmt":"2019-06-09T14:42:27","guid":{"rendered":"https:\/\/zjarr.tv\/?p=88858"},"modified":"2019-06-09T16:42:27","modified_gmt":"2019-06-09T14:42:27","slug":"bush-i-pergjigjet-fteses-tregon-se-a-do-te-vije-ne-kosove","status":"publish","type":"post","link":"https:\/\/zjarr.tv\/en\/bush-i-pergjigjet-fteses-tregon-se-a-do-te-vije-ne-kosove\/","title":{"rendered":"Bush i p\u00ebrgjigjet ftes\u00ebs, tregon se a do t\u00eb vij\u00eb n\u00eb Kosov\u00eb"},"content":{"rendered":"<p>Ish-Presidentit i ShBA-s\u00eb, George W. Bush, p\u00ebrmes nj\u00eb letre drejtuar kryetarit t\u00eb shoqat\u00ebs \u201cMiqt\u00eb e Amerik\u00ebs\u201d, ka njoftuar se nuk do t\u00eb mund t\u00eb vij\u00eb n\u00eb Kosov\u00eb.<\/p>\n<p>Kjo si p\u00ebrgjigjeje ndaj ftes\u00ebs s\u00eb k\u00ebtij t\u00eb fundit.<\/p>\n<p>Megjithat\u00eb Bush, sipas njoftimit nga shoqata \u201cMiqt\u00eb e Amerik\u00ebs\u201d, ka fal\u00ebnderuar Rexhepin p\u00ebr ftes\u00ebn.<\/p>\n<p>\u201cFtesa e juaj e matur paraqet nj\u00eb mund\u00ebsi kuptimplot\u00eb, fatkeq\u00ebsisht, orari i presidentit George W. Bush nuk do t\u00eb lejoj\u00eb asnj\u00eb angazhim shtes\u00eb dhe se ne e vler\u00ebsojm\u00eb mir\u00ebkuptimin tuaj. Presidenti Bush ju fal\u00ebnderon p\u00ebr interesin tuaj dhe ju d\u00ebshiron gjitha t\u00eb mira\u201d, thuhet n\u00eb letr\u00ebn e Zyr\u00ebs s\u00eb Presidentit amerikan.<\/p>\n<p>&nbsp;<\/p>","protected":false},"excerpt":{"rendered":"<p>Ish-Presidentit i ShBA-s\u00eb, George W. Bush, p\u00ebrmes nj\u00eb letre drejtuar kryetarit t\u00eb shoqat\u00ebs \u201cMiqt\u00eb e Amerik\u00ebs\u201d, ka njoftuar se nuk do t\u00eb mund t\u00eb vij\u00eb n\u00eb Kosov\u00eb. Kjo si p\u00ebrgjigjeje ndaj ftes\u00ebs s\u00eb k\u00ebtij t\u00eb fundit. Megjithat\u00eb Bush, sipas njoftimit nga shoqata \u201cMiqt\u00eb e Amerik\u00ebs\u201d, ka fal\u00ebnderuar Rexhepin p\u00ebr ftes\u00ebn. \u201cFtesa e juaj e matur [&hellip;]<\/p>\n","protected":false},"author":2013,"featured_media":88859,"comment_status":"open","ping_status":"closed","sticky":false,"template":"","format":"standard","meta":{"footnotes":""},"categories":[241,2],"tags":[],"class_list":{"0":"post-88858","1":"post","2":"type-post","3":"status-publish","4":"format-standard","5":"has-post-thumbnail","7":"category-aktualitet","8":"category-rajoni"},"_links":{"self":[{"href":"https:\/\/zjarr.tv\/en\/wp-json\/wp\/v2\/posts\/88858","targetHints":{"allow":["GET"]}}],"collection":[{"href":"https:\/\/zjarr.tv\/en\/wp-json\/wp\/v2\/posts"}],"about":[{"href":"https:\/\/zjarr.tv\/en\/wp-json\/wp\/v2\/types\/post"}],"author":[{"embeddable":true,"href":"https:\/\/zjarr.tv\/en\/wp-json\/wp\/v2\/users\/2013"}],"replies":[{"embeddable":true,"href":"https:\/\/zjarr.tv\/en\/wp-json\/wp\/v2\/comments?post=88858"}],"version-history":[{"count":0,"href":"https:\/\/zjarr.tv\/en\/wp-json\/wp\/v2\/posts\/88858\/revisions"}],"wp:featuredmedia":[{"embeddable":true,"href":"https:\/\/zjarr.tv\/en\/wp-json\/wp\/v2\/media\/88859"}],"wp:attachment":[{"href":"https:\/\/zjarr.tv\/en\/wp-json\/wp\/v2\/media?parent=88858"}],"wp:term":[{"taxonomy":"category","embeddable":true,"href":"https:\/\/zjarr.tv\/en\/wp-json\/wp\/v2\/categories?post=88858"},{"taxonomy":"post_tag","embeddable":true,"href":"https:\/\/zjarr.tv\/en\/wp-json\/wp\/v2\/tags?post=88858"}],"curies":[{"name":"wp","href":"https:\/\/api.w.org\/{rel}","templated":true}]}}