{"id":88861,"date":"2019-06-09T16:50:36","date_gmt":"2019-06-09T14:50:36","guid":{"rendered":"https:\/\/zjarr.tv\/?p=88861"},"modified":"2019-06-09T16:50:36","modified_gmt":"2019-06-09T14:50:36","slug":"shtyrja-e-zgjedhjeve-kume-mazhoranca-ska-mundesi-ankimimi-dhe-as-mundesi-per-te-shkarkuar-presidentin","status":"publish","type":"post","link":"https:\/\/zjarr.tv\/en\/shtyrja-e-zgjedhjeve-kume-mazhoranca-ska-mundesi-ankimimi-dhe-as-mundesi-per-te-shkarkuar-presidentin\/","title":{"rendered":"Shtyrja e zgjedhjeve, Kume: Mazhoranca s\u2019ka mund\u00ebsi ankimimi dhe as mund\u00ebsi p\u00ebr t\u00eb shkarkuar Presidentin"},"content":{"rendered":"<p>Presidenti i Republik\u00ebs Ilir Meta do t\u00eb flas\u00eb t\u00eb h\u00ebn\u00ebn p\u00ebr anulimin e dekretit p\u00ebr zgjedhjet e 30 qershorit. Nd\u00ebrkoh\u00eb ish-kreu i KQZ Kristaq Kume e sheh si akt politik q\u00ebndrimin q\u00eb kryeministri dhe mazhoranca po mbajn\u00eb ndaj vendimit t\u00eb presidentit p\u00ebr anulimin e zgjedhjeve. N\u00eb nj\u00eb intervist\u00eb p\u00ebr RTV Ora, Kume argumenton se n\u00eb munges\u00eb t\u00eb Gjykat\u00ebs Kushtetuese, mazhoranca nuk ka hap\u00ebsira ligjore p\u00ebr t\u00eb zhvilluar zgjedhjet e 30 qershorit por as p\u00ebr shkarkimin e kreut t\u00eb shtetit.<\/p>\n<p>\u201cFakti q\u00eb konsiderohet se nj\u00eb vendimmarrje e till\u00eb e presidentit \u00ebsht\u00eb ekuivalente me largimin e tij nga zyra e Presidentit, edhe kjo \u00ebsht\u00eb nj\u00eb deklarat\u00eb politike\u201d, shprehet Kume.<\/p>\n<p>P\u00ebrsa i p\u00ebrket mund\u00ebsis\u00eb q\u00eb socialist\u00ebt t\u00eb ankimojn\u00eb aktin e presidentit n\u00eb Gjykat\u00ebn Apelit, Kume kujton vendimin e vitit 2003.<\/p>\n<p>\u201cSipas vendimit dhe arsyetimit t\u00eb Gjykat\u00ebs Kushtetuese jan\u00eb vet\u00ebm aktet individuale me karakter administrativ q\u00eb mund t\u00eb ankimohen si t\u00eb tilla n\u00eb Gjykat\u00ebn Administrative t\u00eb Apelit. Ky nuk \u00ebsht\u00eb akt individual\u201d.<\/p>\n<p>Sipas Kumes, menj\u00ebher\u00eb pasi deklarata e Presidentit t\u00eb marr\u00eb form\u00ebn e dekretit, KQZ duhet t\u00eb nd\u00ebrpres\u00eb pun\u00ebn p\u00ebr organizimin e zgjedhjeve t\u00eb 30 qershorit pasi sipas Kumes,\u00a0 \u201cdekreti i Presidentit sjell\u00eb pasoja direkt p\u00ebr veprim n\u00eb KQZ\u201d.<\/p>\n<p>Ish kreu i KQZ e konsideron t\u00eb drejt\u00eb vendimin e presidentit p\u00ebr anulimin e zgjedhjeve, nd\u00ebrsa thekson se ky ishte hapi I duhur p\u00ebr shmangien e konfliktit. Sipas jurist\u00ebve mandati i krer\u00ebve aktual\u00eb t\u00eb bashkive p\u00ebrfundon pas betimit t\u00eb pasardh\u00ebsve t\u00eb tyre n\u00eb k\u00ebto poste.<\/p>\n<p>&nbsp;<\/p>","protected":false},"excerpt":{"rendered":"<p>Presidenti i Republik\u00ebs Ilir Meta do t\u00eb flas\u00eb t\u00eb h\u00ebn\u00ebn p\u00ebr anulimin e dekretit p\u00ebr zgjedhjet e 30 qershorit. Nd\u00ebrkoh\u00eb ish-kreu i KQZ Kristaq Kume e sheh si akt politik q\u00ebndrimin q\u00eb kryeministri dhe mazhoranca po mbajn\u00eb ndaj vendimit t\u00eb presidentit p\u00ebr anulimin e zgjedhjeve. N\u00eb nj\u00eb intervist\u00eb p\u00ebr RTV Ora, Kume argumenton se n\u00eb [&hellip;]<\/p>\n","protected":false},"author":2013,"featured_media":69268,"comment_status":"open","ping_status":"closed","sticky":false,"template":"","format":"standard","meta":{"footnotes":""},"categories":[241,235],"tags":[],"class_list":{"0":"post-88861","1":"post","2":"type-post","3":"status-publish","4":"format-standard","5":"has-post-thumbnail","7":"category-aktualitet","8":"category-vendi"},"_links":{"self":[{"href":"https:\/\/zjarr.tv\/en\/wp-json\/wp\/v2\/posts\/88861","targetHints":{"allow":["GET"]}}],"collection":[{"href":"https:\/\/zjarr.tv\/en\/wp-json\/wp\/v2\/posts"}],"about":[{"href":"https:\/\/zjarr.tv\/en\/wp-json\/wp\/v2\/types\/post"}],"author":[{"embeddable":true,"href":"https:\/\/zjarr.tv\/en\/wp-json\/wp\/v2\/users\/2013"}],"replies":[{"embeddable":true,"href":"https:\/\/zjarr.tv\/en\/wp-json\/wp\/v2\/comments?post=88861"}],"version-history":[{"count":0,"href":"https:\/\/zjarr.tv\/en\/wp-json\/wp\/v2\/posts\/88861\/revisions"}],"wp:featuredmedia":[{"embeddable":true,"href":"https:\/\/zjarr.tv\/en\/wp-json\/wp\/v2\/media\/69268"}],"wp:attachment":[{"href":"https:\/\/zjarr.tv\/en\/wp-json\/wp\/v2\/media?parent=88861"}],"wp:term":[{"taxonomy":"category","embeddable":true,"href":"https:\/\/zjarr.tv\/en\/wp-json\/wp\/v2\/categories?post=88861"},{"taxonomy":"post_tag","embeddable":true,"href":"https:\/\/zjarr.tv\/en\/wp-json\/wp\/v2\/tags?post=88861"}],"curies":[{"name":"wp","href":"https:\/\/api.w.org\/{rel}","templated":true}]}}