{"id":88863,"date":"2019-06-09T16:52:27","date_gmt":"2019-06-09T14:52:27","guid":{"rendered":"https:\/\/zjarr.tv\/?p=88863"},"modified":"2019-06-09T16:52:27","modified_gmt":"2019-06-09T14:52:27","slug":"olta-xhacka-me-30-qershor-nis-transformimi-i-madh-i-dibres","status":"publish","type":"post","link":"https:\/\/zjarr.tv\/en\/olta-xhacka-me-30-qershor-nis-transformimi-i-madh-i-dibres\/","title":{"rendered":"Olta Xha\u00e7ka: M\u00eb 30 qershor nis transformimi i madh i Dibr\u00ebs"},"content":{"rendered":"<p>Ministrja e Mbrojtjes Olta Xha\u00e7ka n\u00eb fjal\u00ebn e saj p\u00ebrpara qytetar\u00ebve dibran\u00eb n\u00eb Peshkopi tha se Dibra do t\u00eb transformohet totalisht. Xha\u00e7ka u shpreh se qeveria dhe Edi Rama do t\u00eb nd\u00ebrtoj\u00eb Rrug\u00ebn e Arbrit, duke sjell\u00eb leht\u00ebsi p\u00ebr banor\u00ebt vendas.<\/p>\n<p>\u201c\u00cbsht\u00eb v\u00ebshtir\u00eb se gjesh nj\u00eb zona m\u00eb pun\u00ebtore sesa Dibra. Dibra q\u00eb i ka dh\u00ebn\u00eb kaq shum\u00eb historis\u00eb, ka mbetur e izoluar, sepse i ka munguar rruga. Kjo fal\u00eb Edi Ram\u00ebs, i cili pati vizionin p\u00ebr t\u00eb nd\u00ebrtuar Rrug\u00ebn e Arb\u00ebrit. Nga ana tjet\u00ebr Bulqiza vazhdon t\u00eb punoj\u00eb ende sot, sepse p\u00ebr fat t\u00eb keq nuk punon p\u00ebr interes t\u00eb qytetar\u00ebve. Rruga e Arb\u00ebrit po b\u00ebhet realitet. Kjo do t\u00eb thot\u00eb se fermer\u00ebt do t\u00eb mund t\u00eb sheshin m\u00eb leht\u00eb produktet e tyre.<\/p>\n<p>Nga ana tjet\u00ebr Bulqiza do t\u00eb marr\u00eb m\u00eb shum\u00eb fokus. Ne kemi mbajtur premtimin p\u00ebr pensionet e minator\u00ebve. M\u00eb 30 qershor do te k\u00ebt\u00eb zgjedhje p\u00ebr t\u00eb transformuar Dibr\u00ebn dhe Bulqiz\u00ebn. Un\u00eb kam besim se dibran\u00ebt do t\u00eb din\u00eb q\u00eb t\u00eb japin verdiktin e duhur. N\u00eb 30 qershor fillon transf0ormimi p\u00ebr Dibr\u00ebn, Bulqiz\u00ebn dhe gjitha bashkit\u00eb n\u00eb t\u00eb gjith\u00eb vendin. Dibran\u00ebt nuk do t\u00eb zgjedhin modelin e shkat\u00ebrrimit\u201d, tha Xha\u00e7ka.<\/p>\n<p>&nbsp;<\/p>","protected":false},"excerpt":{"rendered":"<p>Ministrja e Mbrojtjes Olta Xha\u00e7ka n\u00eb fjal\u00ebn e saj p\u00ebrpara qytetar\u00ebve dibran\u00eb n\u00eb Peshkopi tha se Dibra do t\u00eb transformohet totalisht. Xha\u00e7ka u shpreh se qeveria dhe Edi Rama do t\u00eb nd\u00ebrtoj\u00eb Rrug\u00ebn e Arbrit, duke sjell\u00eb leht\u00ebsi p\u00ebr banor\u00ebt vendas. \u201c\u00cbsht\u00eb v\u00ebshtir\u00eb se gjesh nj\u00eb zona m\u00eb pun\u00ebtore sesa Dibra. Dibra q\u00eb i ka [&hellip;]<\/p>\n","protected":false},"author":2013,"featured_media":88864,"comment_status":"open","ping_status":"closed","sticky":false,"template":"","format":"standard","meta":{"footnotes":""},"categories":[241,235],"tags":[],"class_list":{"0":"post-88863","1":"post","2":"type-post","3":"status-publish","4":"format-standard","5":"has-post-thumbnail","7":"category-aktualitet","8":"category-vendi"},"_links":{"self":[{"href":"https:\/\/zjarr.tv\/en\/wp-json\/wp\/v2\/posts\/88863","targetHints":{"allow":["GET"]}}],"collection":[{"href":"https:\/\/zjarr.tv\/en\/wp-json\/wp\/v2\/posts"}],"about":[{"href":"https:\/\/zjarr.tv\/en\/wp-json\/wp\/v2\/types\/post"}],"author":[{"embeddable":true,"href":"https:\/\/zjarr.tv\/en\/wp-json\/wp\/v2\/users\/2013"}],"replies":[{"embeddable":true,"href":"https:\/\/zjarr.tv\/en\/wp-json\/wp\/v2\/comments?post=88863"}],"version-history":[{"count":0,"href":"https:\/\/zjarr.tv\/en\/wp-json\/wp\/v2\/posts\/88863\/revisions"}],"wp:featuredmedia":[{"embeddable":true,"href":"https:\/\/zjarr.tv\/en\/wp-json\/wp\/v2\/media\/88864"}],"wp:attachment":[{"href":"https:\/\/zjarr.tv\/en\/wp-json\/wp\/v2\/media?parent=88863"}],"wp:term":[{"taxonomy":"category","embeddable":true,"href":"https:\/\/zjarr.tv\/en\/wp-json\/wp\/v2\/categories?post=88863"},{"taxonomy":"post_tag","embeddable":true,"href":"https:\/\/zjarr.tv\/en\/wp-json\/wp\/v2\/tags?post=88863"}],"curies":[{"name":"wp","href":"https:\/\/api.w.org\/{rel}","templated":true}]}}