{"id":88866,"date":"2019-06-09T17:27:14","date_gmt":"2019-06-09T15:27:14","guid":{"rendered":"https:\/\/zjarr.tv\/?p=88866"},"modified":"2019-06-09T17:27:14","modified_gmt":"2019-06-09T15:27:14","slug":"diber-rama-me-30-qershor-do-vendosim-nje-kufi-te-qarte","status":"publish","type":"post","link":"https:\/\/zjarr.tv\/en\/diber-rama-me-30-qershor-do-vendosim-nje-kufi-te-qarte\/","title":{"rendered":"Dib\u00ebr, Rama: M\u00eb 30 qershor do vendosim nj\u00eb kufi t\u00eb qart\u00eb"},"content":{"rendered":"<p>Kryeministri Edi Rama n\u00eb ndales\u00ebn e tij t\u00eb rradh\u00ebs n\u00eb Dib\u00ebr u ndal te dita e zgjedhjeve, 30 qershori. Kryeministri Rama u shpreh i bindur se kjo dat\u00eb do t\u00eb p\u00ebrfundonte me fitore absolute p\u00ebr ta, nd\u00ebrsa shtoi se do vendos\u00eb nj\u00eb kufi t\u00eb qart\u00eb p\u00ebr kund\u00ebrshtar\u00ebt e tij.<\/p>\n<p>\u201cDhe jam i bindur se mbi at\u00eb baz\u00eb q\u00eb \u00ebsht\u00eb krijuar ne do b\u00ebjm\u00eb akoma m\u00eb tep\u00ebr me Dionisin dhe gjith\u00eb skuadr\u00ebn. Natyrisht, nuk kemi ardhur k\u00ebtu p\u00ebr t\u2019ju th\u00ebn\u00eb se kemi b\u00ebr\u00eb mrekulli. Kemi b\u00ebr\u00eb edhe gabime, padiskutim. Nj\u00eb gj\u00eb \u00ebsht\u00eb e sigurt\u00eb q\u00eb kemi punuar me shum\u00eb dashuri p\u00ebr Shqip\u00ebrin\u00eb. Jam i bindur se 30 qershori do ishte dita e nj\u00eb fitoreje absolute me kund\u00ebrshtar\u00ebt ton\u00eb. Ne me 30 qershor do vendosim nj\u00eb kufi t\u00eb qart\u00eb. Ata ik\u00ebn nga parlamenti ia dogj\u00ebn mandatet q\u00eb ia dh\u00ebn\u00eb njer\u00ebzit, p\u00ebr t\u00eb ofruar nj\u00eb alternativ\u00eb tjet\u00ebr. Ik\u00ebn jo p\u00ebr njer\u00ebzit por p\u00ebr hesapin e tyre.\u201d-tha Rama.<\/p>\n<p>&nbsp;<\/p>","protected":false},"excerpt":{"rendered":"<p>Kryeministri Edi Rama n\u00eb ndales\u00ebn e tij t\u00eb rradh\u00ebs n\u00eb Dib\u00ebr u ndal te dita e zgjedhjeve, 30 qershori. Kryeministri Rama u shpreh i bindur se kjo dat\u00eb do t\u00eb p\u00ebrfundonte me fitore absolute p\u00ebr ta, nd\u00ebrsa shtoi se do vendos\u00eb nj\u00eb kufi t\u00eb qart\u00eb p\u00ebr kund\u00ebrshtar\u00ebt e tij. \u201cDhe jam i bindur se mbi [&hellip;]<\/p>\n","protected":false},"author":2013,"featured_media":87615,"comment_status":"open","ping_status":"closed","sticky":false,"template":"","format":"standard","meta":{"footnotes":""},"categories":[241,235],"tags":[],"class_list":{"0":"post-88866","1":"post","2":"type-post","3":"status-publish","4":"format-standard","5":"has-post-thumbnail","7":"category-aktualitet","8":"category-vendi"},"_links":{"self":[{"href":"https:\/\/zjarr.tv\/en\/wp-json\/wp\/v2\/posts\/88866","targetHints":{"allow":["GET"]}}],"collection":[{"href":"https:\/\/zjarr.tv\/en\/wp-json\/wp\/v2\/posts"}],"about":[{"href":"https:\/\/zjarr.tv\/en\/wp-json\/wp\/v2\/types\/post"}],"author":[{"embeddable":true,"href":"https:\/\/zjarr.tv\/en\/wp-json\/wp\/v2\/users\/2013"}],"replies":[{"embeddable":true,"href":"https:\/\/zjarr.tv\/en\/wp-json\/wp\/v2\/comments?post=88866"}],"version-history":[{"count":0,"href":"https:\/\/zjarr.tv\/en\/wp-json\/wp\/v2\/posts\/88866\/revisions"}],"wp:featuredmedia":[{"embeddable":true,"href":"https:\/\/zjarr.tv\/en\/wp-json\/wp\/v2\/media\/87615"}],"wp:attachment":[{"href":"https:\/\/zjarr.tv\/en\/wp-json\/wp\/v2\/media?parent=88866"}],"wp:term":[{"taxonomy":"category","embeddable":true,"href":"https:\/\/zjarr.tv\/en\/wp-json\/wp\/v2\/categories?post=88866"},{"taxonomy":"post_tag","embeddable":true,"href":"https:\/\/zjarr.tv\/en\/wp-json\/wp\/v2\/tags?post=88866"}],"curies":[{"name":"wp","href":"https:\/\/api.w.org\/{rel}","templated":true}]}}