{"id":88868,"date":"2019-06-09T17:30:39","date_gmt":"2019-06-09T15:30:39","guid":{"rendered":"https:\/\/zjarr.tv\/?p=88868"},"modified":"2019-06-09T17:30:39","modified_gmt":"2019-06-09T15:30:39","slug":"incident-ne-mitingun-e-rames-ne-diber-qytetari-therret-rama-ik-kryeministri-bllokohet-po-po-do-iki","status":"publish","type":"post","link":"https:\/\/zjarr.tv\/en\/incident-ne-mitingun-e-rames-ne-diber-qytetari-therret-rama-ik-kryeministri-bllokohet-po-po-do-iki\/","title":{"rendered":"Incident n\u00eb mitingun e Ram\u00ebs n\u00eb Dib\u00ebr\/ Qytetari th\u00ebrret &#8216;Rama ik&#8217;, kryeministri bllokohet: &#8216;Po po do iki&#8217;"},"content":{"rendered":"<p>Nj\u00eb incident i pazakont\u00eb ka ndodhur n\u00eb takimin elektoral t\u00eb Edi Ram\u00ebs n\u00eb Dib\u00ebr, aty ku po prezantohej kandidatura e Dionis Ymerajt. N\u00eb fillim t\u00eb fjal\u00ebs s\u00eb tij para t\u00eb pranishm\u00ebve, nj\u00eb qytetar ka thirrur me t\u00eb madhe parrull\u00ebn e protestave t\u00eb opozit\u00ebs &#8220;Rama ik&#8221;.<\/p>\n<p>Kjo thirrje ka krijuar p\u00ebshtjellim t\u00eb madh tek Edi Rama, i cili e ka humbur toruan dhe u desh pak sekonda t\u00eb rifillonte fjalimin nd\u00ebrsa i \u00ebsht\u00eb p\u00ebrgjigjur qytetarit me shpoti: &#8220;Po po do iki&#8221;.<\/p>\n<p>Nj\u00eb dit\u00eb m\u00eb par\u00eb Presidenti i Republik\u00ebs Ilir Meta vendosi t\u00eb \u00e7dekretoj\u00eb dat\u00ebn e zgjedhjeve, nd\u00ebrsa shefi i mazhoranc\u00ebs ka kaluar n\u00eb kund\u00ebrsulm duke pretenduar se zgjedhjet do t\u00eb b\u00ebhen pavar\u00ebsisht q\u00ebndrimit t\u00eb kreut t\u00eb shtetit.<\/p>\n<p>Madje Rama ka shkuar edhe m\u00eb tej sot gjat\u00eb takimi elektoral n\u00eb Burrel kur ka paralajm\u00ebruar nism\u00ebm p\u00ebr shkarkimin e Ilir Met\u00ebs nga posti i presidentit.<\/p>\n<p>&nbsp;<\/p>","protected":false},"excerpt":{"rendered":"<p>Nj\u00eb incident i pazakont\u00eb ka ndodhur n\u00eb takimin elektoral t\u00eb Edi Ram\u00ebs n\u00eb Dib\u00ebr, aty ku po prezantohej kandidatura e Dionis Ymerajt. N\u00eb fillim t\u00eb fjal\u00ebs s\u00eb tij para t\u00eb pranishm\u00ebve, nj\u00eb qytetar ka thirrur me t\u00eb madhe parrull\u00ebn e protestave t\u00eb opozit\u00ebs &#8220;Rama ik&#8221;. Kjo thirrje ka krijuar p\u00ebshtjellim t\u00eb madh tek Edi Rama, [&hellip;]<\/p>\n","protected":false},"author":2013,"featured_media":74440,"comment_status":"open","ping_status":"closed","sticky":false,"template":"","format":"standard","meta":{"footnotes":""},"categories":[241,235],"tags":[],"class_list":{"0":"post-88868","1":"post","2":"type-post","3":"status-publish","4":"format-standard","5":"has-post-thumbnail","7":"category-aktualitet","8":"category-vendi"},"_links":{"self":[{"href":"https:\/\/zjarr.tv\/en\/wp-json\/wp\/v2\/posts\/88868","targetHints":{"allow":["GET"]}}],"collection":[{"href":"https:\/\/zjarr.tv\/en\/wp-json\/wp\/v2\/posts"}],"about":[{"href":"https:\/\/zjarr.tv\/en\/wp-json\/wp\/v2\/types\/post"}],"author":[{"embeddable":true,"href":"https:\/\/zjarr.tv\/en\/wp-json\/wp\/v2\/users\/2013"}],"replies":[{"embeddable":true,"href":"https:\/\/zjarr.tv\/en\/wp-json\/wp\/v2\/comments?post=88868"}],"version-history":[{"count":0,"href":"https:\/\/zjarr.tv\/en\/wp-json\/wp\/v2\/posts\/88868\/revisions"}],"wp:featuredmedia":[{"embeddable":true,"href":"https:\/\/zjarr.tv\/en\/wp-json\/wp\/v2\/media\/74440"}],"wp:attachment":[{"href":"https:\/\/zjarr.tv\/en\/wp-json\/wp\/v2\/media?parent=88868"}],"wp:term":[{"taxonomy":"category","embeddable":true,"href":"https:\/\/zjarr.tv\/en\/wp-json\/wp\/v2\/categories?post=88868"},{"taxonomy":"post_tag","embeddable":true,"href":"https:\/\/zjarr.tv\/en\/wp-json\/wp\/v2\/tags?post=88868"}],"curies":[{"name":"wp","href":"https:\/\/api.w.org\/{rel}","templated":true}]}}