{"id":88870,"date":"2019-06-09T17:39:52","date_gmt":"2019-06-09T15:39:52","guid":{"rendered":"https:\/\/zjarr.tv\/?p=88870"},"modified":"2019-06-09T17:39:52","modified_gmt":"2019-06-09T15:39:52","slug":"rama-per-meten-dhe-bashen-nuk-e-di-nga-i-kam-gjetur-keta-shoke-qe-me-ikin-nga-duart","status":"publish","type":"post","link":"https:\/\/zjarr.tv\/en\/rama-per-meten-dhe-bashen-nuk-e-di-nga-i-kam-gjetur-keta-shoke-qe-me-ikin-nga-duart\/","title":{"rendered":"Rama p\u00ebr Met\u00ebn dhe Bash\u00ebn: Nuk e di nga i kam gjetur k\u00ebta shok\u00eb q\u00eb m\u00eb ikin nga duart"},"content":{"rendered":"<p>Kryeministri Edi Rama p\u00ebr t\u00eb v\u00ebrtetuar se Presidenti Ilir Meta ka vepruar kund\u00ebr kushtetut\u00ebs me vendimin p\u00ebr shtyrjen e zgjedhjeve solli rastin e Bujar Nishanit n\u00eb 2017. Sipas Ram\u00ebs, n\u00eb at\u00eb koh\u00eb p\u00ebr shtyrje t\u00eb zgjedhjeve me nj\u00eb jav\u00eb brenda afateve kushtetuese, Presidenti i asaj kohe, Bujar Nishani k\u00ebrkoi shkres\u00eb me firm\u00eb dhe vul\u00eb nga t\u00eb gjith\u00eb pal\u00ebt politik\u00eb, p\u00ebr konsensusin e arritur.<\/p>\n<p>M\u00eb ironi, Rama thot\u00eb se Basha dhe Meta jan\u00eb shok\u00eb q\u00eb i kan\u00eb ikur prej durash dhe nuk po i kam dot.<\/p>\n<p><strong>Rama:<\/strong>\u00a0<em>N\u00eb 2017 ne b\u00ebm\u00eb nj\u00eb marr\u00ebveshje, ku nga t\u00eb gjith\u00eb t\u00eb huajt u k\u00ebrkua t\u00eb shtyheshin zgjedhjet p\u00ebrtej afatit kushtetues, por un\u00eb thash\u00eb jo. Gjith\u00e7ka mund ta negociojm\u00eb, por kushtetut\u00ebn jo, sepse po i shtym\u00eb nj\u00ebher\u00eb do i shtyjm\u00eb gjithmon\u00eb. P\u00ebr fat t\u00eb keq n\u00eb gjith\u00eb k\u00ebto vite jemi m\u00ebsuar me hile p\u00ebrpara rregullave dhe shembullin p\u00ebr t\u00eb m\u00ebsuar hilet p\u00ebrpara rregullave e kan\u00eb dh\u00ebn\u00eb politikan\u00ebt. N\u00eb at\u00eb koh\u00eb kufiri kushtetues ishte nj\u00eb jav\u00eb. \u00a0Pasi ne e kishim b\u00ebr\u00eb marr\u00ebveshjen, pasi marr\u00ebveshja ishte publike, presidenti i asaj kohe, mund t\u00eb themi \u00e7a t\u00eb duam, por n\u00eb k\u00ebte rast kjo \u00ebsht\u00eb e v\u00ebrteta, Bujar \u00a0Nishani e k\u00ebrkoi me shkrim, me vul\u00eb, me firm\u00eb n\u00eb nj\u00eb let\u00ebr t\u00eb p\u00ebrbashk\u00ebt timen dhe shokut tim q\u00eb m\u00eb ka humbur dhe spo e kap dot m\u00eb, Lulzim Bash\u00ebs q\u00eb ti k\u00ebrkonim Presidentit at\u00eb shtyrje brenda kushtetut\u00ebs si k\u00ebrkes\u00eb konsensuale e forcave politike, sepse \u00ebsht\u00eb detyrimi nj\u00eb. Nuk mundet dot kurr\u00eb q\u00eb presidenti t\u00eb vendos\u00eb shtyrje t\u00eb zgjedhjeve pasi e ke deklaruar se kur b\u00ebhen zgjedhjet pa pyetur t\u00eb tjer\u00ebt dhe jo m\u00eb pastaj ta \u00e7oj\u00eb matan\u00eb kushtetut\u00ebs. Nd\u00ebrkoh\u00eb q\u00eb ky shoku tjet\u00ebr i imi&#8230;un\u00eb nuk e di ku i kam gjetur k\u00ebta shok\u00eb q\u00eb m\u00eb dalin duarsh gjith\u00eb koh\u00ebs, del edhe b\u00ebn nj\u00eb skandal, duke th\u00ebn\u00eb anulim loj\u00eb se jam i shqet\u00ebsuar p\u00ebr stabilitetin&#8230;do ti thot\u00eb t\u00eb gjitha fjal\u00ebt e bukura dhe k\u00ebshtu i bie n\u00eb m\u00ebngjes ju thot\u00eb atyre para se t\u00eb dalin nga sht\u00ebpia ju sulmin fort q\u00eb t\u00eb digjet dhe un\u00eb do t\u00eb dal q\u00eb ta shuaj. Ju b\u00ebni rr\u00ebmuj\u00ebn dhe un\u00eb do dal t\u00eb shp\u00ebtoj Shqip\u00ebrin\u00eb. Shqip\u00ebria nga ata do t\u00eb shp\u00ebtoj\u00eb n\u00eb 30 qershor.<\/em><\/p>","protected":false},"excerpt":{"rendered":"<p>Kryeministri Edi Rama p\u00ebr t\u00eb v\u00ebrtetuar se Presidenti Ilir Meta ka vepruar kund\u00ebr kushtetut\u00ebs me vendimin p\u00ebr shtyrjen e zgjedhjeve solli rastin e Bujar Nishanit n\u00eb 2017. Sipas Ram\u00ebs, n\u00eb at\u00eb koh\u00eb p\u00ebr shtyrje t\u00eb zgjedhjeve me nj\u00eb jav\u00eb brenda afateve kushtetuese, Presidenti i asaj kohe, Bujar Nishani k\u00ebrkoi shkres\u00eb me firm\u00eb dhe vul\u00eb nga [&hellip;]<\/p>\n","protected":false},"author":2013,"featured_media":71948,"comment_status":"open","ping_status":"closed","sticky":false,"template":"","format":"standard","meta":{"footnotes":""},"categories":[241,235],"tags":[],"class_list":{"0":"post-88870","1":"post","2":"type-post","3":"status-publish","4":"format-standard","5":"has-post-thumbnail","7":"category-aktualitet","8":"category-vendi"},"_links":{"self":[{"href":"https:\/\/zjarr.tv\/en\/wp-json\/wp\/v2\/posts\/88870","targetHints":{"allow":["GET"]}}],"collection":[{"href":"https:\/\/zjarr.tv\/en\/wp-json\/wp\/v2\/posts"}],"about":[{"href":"https:\/\/zjarr.tv\/en\/wp-json\/wp\/v2\/types\/post"}],"author":[{"embeddable":true,"href":"https:\/\/zjarr.tv\/en\/wp-json\/wp\/v2\/users\/2013"}],"replies":[{"embeddable":true,"href":"https:\/\/zjarr.tv\/en\/wp-json\/wp\/v2\/comments?post=88870"}],"version-history":[{"count":0,"href":"https:\/\/zjarr.tv\/en\/wp-json\/wp\/v2\/posts\/88870\/revisions"}],"wp:featuredmedia":[{"embeddable":true,"href":"https:\/\/zjarr.tv\/en\/wp-json\/wp\/v2\/media\/71948"}],"wp:attachment":[{"href":"https:\/\/zjarr.tv\/en\/wp-json\/wp\/v2\/media?parent=88870"}],"wp:term":[{"taxonomy":"category","embeddable":true,"href":"https:\/\/zjarr.tv\/en\/wp-json\/wp\/v2\/categories?post=88870"},{"taxonomy":"post_tag","embeddable":true,"href":"https:\/\/zjarr.tv\/en\/wp-json\/wp\/v2\/tags?post=88870"}],"curies":[{"name":"wp","href":"https:\/\/api.w.org\/{rel}","templated":true}]}}