{"id":88877,"date":"2019-06-09T19:10:31","date_gmt":"2019-06-09T17:10:31","guid":{"rendered":"https:\/\/zjarr.tv\/?p=88877"},"modified":"2019-06-09T17:50:56","modified_gmt":"2019-06-09T15:50:56","slug":"vret-edhe-nje-gjeneral-kim-jong-un-e-ben-ushtarakun-ushqim-per-piranja","status":"publish","type":"post","link":"https:\/\/zjarr.tv\/en\/vret-edhe-nje-gjeneral-kim-jong-un-e-ben-ushtarakun-ushqim-per-piranja\/","title":{"rendered":"Vret edhe nj\u00eb gjeneral, Kim Jong-un e b\u00ebn ushtarakun ushqim p\u00ebr piranja"},"content":{"rendered":"<p>Lideri i Kores\u00eb s\u00eb Veriut, Kim Jong-un raportohet t\u00eb ket\u00eb ekzekutuar nj\u00eb gjeneral t\u00eb cilin e akuzonte p\u00ebr komplot, duke e hedhur n\u00eb nj\u00eb akuarium gjigand t\u00eb mbushur me piranja.<\/p>\n<p>Gjenerali i paem\u00ebr u tha se ishte viktima e fundit e udh\u00ebheq\u00ebsit diktatorial, i cili ka ekzekutuar ndihm\u00ebs t\u00eb shumt\u00eb, p\u00ebrfshir\u00eb \u00a0k\u00ebtu t\u00eb d\u00ebrguarin e tij n\u00eb SHBA n\u00eb maj. Gjenerali dyshohet se u vra n\u00eb nj\u00eb akuarium gjigant piranjash t\u00eb nd\u00ebrtuar brenda Rezidenc\u00ebs Ryongsong t\u00eb Kim, n\u00eb Pyongyang, pasi u akuzua p\u00ebr komplotin e nj\u00eb grushti shteti, raportoi Daily Star.<\/p>\n<p>Pretendohet se gjenerali kishte krah\u00ebt t\u00eb prera me thika para se t\u00eb hidhej n\u00eb rezervuar, e cila ishte e mbushur me qindra piranja t\u00eb importuara nga Brazili. Megjithat\u00eb, \u00ebsht\u00eb ende e paqart\u00eb n\u00ebse gjenerali u vra nga peshku mishngr\u00ebn\u00ebs, apo vdiq nga plag\u00ebt e tij t\u00eb m\u00ebparshme.<\/p>\n<p>Piranjat jan\u00eb peshq mishngr\u00ebn\u00ebs me dh\u00ebmb\u00eb t\u00eb mprehta q\u00eb mund t\u00eb heqin mishin nga nj\u00eb kufom\u00eb p\u00ebr pak minuta.<\/p>\n<p>&nbsp;<\/p>","protected":false},"excerpt":{"rendered":"<p>Lideri i Kores\u00eb s\u00eb Veriut, Kim Jong-un raportohet t\u00eb ket\u00eb ekzekutuar nj\u00eb gjeneral t\u00eb cilin e akuzonte p\u00ebr komplot, duke e hedhur n\u00eb nj\u00eb akuarium gjigand t\u00eb mbushur me piranja. Gjenerali i paem\u00ebr u tha se ishte viktima e fundit e udh\u00ebheq\u00ebsit diktatorial, i cili ka ekzekutuar ndihm\u00ebs t\u00eb shumt\u00eb, p\u00ebrfshir\u00eb \u00a0k\u00ebtu t\u00eb d\u00ebrguarin e [&hellip;]<\/p>\n","protected":false},"author":2013,"featured_media":0,"comment_status":"open","ping_status":"closed","sticky":false,"template":"","format":"standard","meta":{"footnotes":""},"categories":[241,191],"tags":[],"class_list":{"0":"post-88877","1":"post","2":"type-post","3":"status-publish","4":"format-standard","6":"category-aktualitet","7":"category-bota"},"_links":{"self":[{"href":"https:\/\/zjarr.tv\/en\/wp-json\/wp\/v2\/posts\/88877","targetHints":{"allow":["GET"]}}],"collection":[{"href":"https:\/\/zjarr.tv\/en\/wp-json\/wp\/v2\/posts"}],"about":[{"href":"https:\/\/zjarr.tv\/en\/wp-json\/wp\/v2\/types\/post"}],"author":[{"embeddable":true,"href":"https:\/\/zjarr.tv\/en\/wp-json\/wp\/v2\/users\/2013"}],"replies":[{"embeddable":true,"href":"https:\/\/zjarr.tv\/en\/wp-json\/wp\/v2\/comments?post=88877"}],"version-history":[{"count":0,"href":"https:\/\/zjarr.tv\/en\/wp-json\/wp\/v2\/posts\/88877\/revisions"}],"wp:attachment":[{"href":"https:\/\/zjarr.tv\/en\/wp-json\/wp\/v2\/media?parent=88877"}],"wp:term":[{"taxonomy":"category","embeddable":true,"href":"https:\/\/zjarr.tv\/en\/wp-json\/wp\/v2\/categories?post=88877"},{"taxonomy":"post_tag","embeddable":true,"href":"https:\/\/zjarr.tv\/en\/wp-json\/wp\/v2\/tags?post=88877"}],"curies":[{"name":"wp","href":"https:\/\/api.w.org\/{rel}","templated":true}]}}