{"id":88882,"date":"2019-06-09T19:50:52","date_gmt":"2019-06-09T17:50:52","guid":{"rendered":"https:\/\/zjarr.tv\/?p=88882"},"modified":"2019-06-09T17:54:25","modified_gmt":"2019-06-09T15:54:25","slug":"demtoi-ligamentet-ja-sa-do-te-mbetet-jashte-fushave-neymar","status":"publish","type":"post","link":"https:\/\/zjarr.tv\/en\/demtoi-ligamentet-ja-sa-do-te-mbetet-jashte-fushave-neymar\/","title":{"rendered":"D\u00ebmtoi ligamentet\/ Ja sa do t\u00eb mbetet jasht\u00eb fushave Neymar"},"content":{"rendered":"<p>Kat\u00ebr jav\u00eb p\u00ebr tu rikthyer n\u00eb fush\u00eb. \u00cbsht\u00eb ky verdikti i stafit mjek\u00ebsor t\u00eb Brazilit, i cili ka konstatuar se d\u00ebmtimi i Neymar i p\u00ebsuar n\u00eb miq\u00ebsoren ndaj Katarit k\u00ebrkon t\u00eb pakt\u00ebn 4 jav\u00eb p\u00ebr t\u2019u rikuperuar.<\/p>\n<p>\u201cT\u00eb shtun\u00ebn m\u00eb 8 qershor, mjeku i par\u00eb i ekipit t\u00eb Paris Saint-Germain, Dr Laurent Aumont dhe an\u00ebtar i bordit mjek\u00ebsor t\u00eb klubit dhe figur\u00eb udh\u00ebheq\u00ebse n\u00eb mjek\u00ebsin\u00eb sportive, Profesor Gerard Saillant, vler\u00ebsuan d\u00ebmtimin e marr\u00eb nga Neymar Jr n\u00eb ndeshjen p\u00ebrgatitore t\u00eb Brazilit p\u00ebr Kup\u00ebn e Amerik\u00ebs t\u00eb m\u00ebrkur\u00ebn e kaluar.<\/p>\n<p>Dy mjek\u00ebt diagnostikuan nj\u00eb shtremb\u00ebrim t\u00eb ligamentit an\u00ebsor t\u00eb k\u00ebmb\u00ebs s\u00eb djatht\u00eb pa indikacion kirurgjik, q\u00eb do t\u00eb trajtohet me trajtim konservativ. Ky rikuperim do i marr\u00eb rreth 4 jav\u00eb koh\u00eb yllit brazilian t\u00eb PSG-s\u00eb\u201d, thuhet n\u00eb deklarat\u00ebn e Selecao.<\/p>\n<p>Kjo \u00ebsht\u00eb hera e tret\u00eb q\u00eb Neymar p\u00ebson d\u00ebmtime t\u00eb ligamenteve t\u00eb k\u00ebmb\u00ebs s\u00eb djatht\u00eb, duke rrezikuar jo pak karrier\u00ebn.<\/p>\n<p>&nbsp;<\/p>\n<p>&nbsp;<\/p>","protected":false},"excerpt":{"rendered":"<p>Kat\u00ebr jav\u00eb p\u00ebr tu rikthyer n\u00eb fush\u00eb. \u00cbsht\u00eb ky verdikti i stafit mjek\u00ebsor t\u00eb Brazilit, i cili ka konstatuar se d\u00ebmtimi i Neymar i p\u00ebsuar n\u00eb miq\u00ebsoren ndaj Katarit k\u00ebrkon t\u00eb pakt\u00ebn 4 jav\u00eb p\u00ebr t\u2019u rikuperuar. \u201cT\u00eb shtun\u00ebn m\u00eb 8 qershor, mjeku i par\u00eb i ekipit t\u00eb Paris Saint-Germain, Dr Laurent Aumont dhe an\u00ebtar [&hellip;]<\/p>\n","protected":false},"author":2013,"featured_media":88883,"comment_status":"open","ping_status":"closed","sticky":false,"template":"","format":"standard","meta":{"footnotes":""},"categories":[241,192],"tags":[],"class_list":{"0":"post-88882","1":"post","2":"type-post","3":"status-publish","4":"format-standard","5":"has-post-thumbnail","7":"category-aktualitet","8":"category-sport"},"_links":{"self":[{"href":"https:\/\/zjarr.tv\/en\/wp-json\/wp\/v2\/posts\/88882","targetHints":{"allow":["GET"]}}],"collection":[{"href":"https:\/\/zjarr.tv\/en\/wp-json\/wp\/v2\/posts"}],"about":[{"href":"https:\/\/zjarr.tv\/en\/wp-json\/wp\/v2\/types\/post"}],"author":[{"embeddable":true,"href":"https:\/\/zjarr.tv\/en\/wp-json\/wp\/v2\/users\/2013"}],"replies":[{"embeddable":true,"href":"https:\/\/zjarr.tv\/en\/wp-json\/wp\/v2\/comments?post=88882"}],"version-history":[{"count":0,"href":"https:\/\/zjarr.tv\/en\/wp-json\/wp\/v2\/posts\/88882\/revisions"}],"wp:featuredmedia":[{"embeddable":true,"href":"https:\/\/zjarr.tv\/en\/wp-json\/wp\/v2\/media\/88883"}],"wp:attachment":[{"href":"https:\/\/zjarr.tv\/en\/wp-json\/wp\/v2\/media?parent=88882"}],"wp:term":[{"taxonomy":"category","embeddable":true,"href":"https:\/\/zjarr.tv\/en\/wp-json\/wp\/v2\/categories?post=88882"},{"taxonomy":"post_tag","embeddable":true,"href":"https:\/\/zjarr.tv\/en\/wp-json\/wp\/v2\/tags?post=88882"}],"curies":[{"name":"wp","href":"https:\/\/api.w.org\/{rel}","templated":true}]}}