{"id":88885,"date":"2019-06-09T20:00:50","date_gmt":"2019-06-09T18:00:50","guid":{"rendered":"https:\/\/zjarr.tv\/?p=88885"},"modified":"2019-06-09T17:56:06","modified_gmt":"2019-06-09T15:56:06","slug":"kosova-nderon-nga-bullgaria-figuren-e-fadil-vokrrit-ne-1-vjetorin-e-vdekjes","status":"publish","type":"post","link":"https:\/\/zjarr.tv\/en\/kosova-nderon-nga-bullgaria-figuren-e-fadil-vokrrit-ne-1-vjetorin-e-vdekjes\/","title":{"rendered":"Kosova nderon nga Bullgaria figur\u00ebn e Fadil Vokrrit n\u00eb 1-vjetorin e vdekjes"},"content":{"rendered":"<p>Nga Sofia, ku jan\u00eb t\u00eb grumbulluar p\u00ebr sfid\u00ebn eliminatore t\u00eb Euro 2020-\u00ebs p\u00ebrball\u00eb Bullgaris\u00eb, futbollist\u00ebt e p\u00ebrfaq\u00ebsueses s\u00eb Kosov\u00ebs kan\u00eb nderuar kujtimin e Fadil Vokrrit, n\u00eb 1-vjetorin e ndarjes s\u00eb tij nga jeta.<\/p>\n<p>Ish-presidenti i Federat\u00ebs s\u00eb Futbollit n\u00eb Kosov\u00eb u nda nga jeta nj\u00eb vit m\u00eb par\u00eb, pas nj\u00eb sulmi kardiak.<\/p>\n<p>Z\u00ebvend\u00ebspresidenti i FFK-s\u00eb, Bakir Burri, ishte i pranish\u00ebm sot n\u00eb hotelin ku \u00ebsht\u00eb grumbulluar p\u00ebrfaq\u00ebsuesja e Kosov\u00ebs, teksa mbajti edhe fjal\u00ebn e rastit dhe k\u00ebrkoi nj\u00eb minut\u00eb heshtje n\u00eb nderim t\u00eb figur\u00ebs s\u00eb Vokrrit.<\/p>\n<p>I lindur n\u00eb 1960-\u00ebn n\u00eb Podujev\u00eb, Fadil Vokrri sh\u00ebnoi nj\u00eb karrier\u00eb sportive t\u00eb shk\u00eblqyer, si sulmues me skuadra si Prishtina, Partizani i Beogradit, Fenerbahce, etj., nd\u00ebrsa veshi p\u00ebr 3 vite edhe fanell\u00ebn e p\u00ebrfaq\u00ebsueses s\u00eb Jugosllavis\u00eb.<\/p>\n<p>M\u00eb 16 shkurt t\u00eb 2008-\u00ebs, Fadil Vokrri u zgjodh president i Federat\u00ebs Kosovare t\u00eb Futbollit, post t\u00eb cilin e mbajti deri n\u00eb 9 qershorin e vitit t\u00eb kaluar, kur edhe u nda nga jeta.<\/p>\n<p>Gjat\u00eb k\u00ebsaj kohe, Vokrri punoi p\u00ebr ngritjen e skuadr\u00ebs P\u00ebrfaq\u00ebsuese t\u00eb Kosov\u00ebs dhe an\u00ebtar\u00ebsimin e saj n\u00eb organizmat m\u00eb t\u00eb lart\u00eb t\u00eb futbollit, si UEFA e FIFA.<\/p>\n<p>Edhe stadiumi i Prishtin\u00ebs, i cili u inaugurua pak muaj pas ndarjes nga jeta t\u00eb legjend\u00ebs s\u00eb futbollit kosovar, mori emrin Fadil Vokrri, n\u00eb nderim t\u00eb kontributit t\u00eb pa\u00e7muar t\u00eb k\u00ebtij t\u00eb fundit, n\u00eb rritjen dhe zhvillimin e futbollit n\u00eb vend.<\/p>\n<p>\u201cK\u00ebt\u00eb vit Fadil Vokrri na ka munguar shum\u00eb, por jemi munduar t\u00eb ecim n\u00eb t\u00eb nj\u00ebjt\u00ebn rrug\u00eb q\u00eb na diktoi ai. Fizikisht nuk ka qen\u00eb me ne, por amanetin e tij po mundohemi ta \u00e7ojm\u00eb deri n\u00eb fund, pasi Fadili donte kualifikimin n\u00eb kompeticione t\u00eb r\u00ebnd\u00ebsishme dhe duam t\u2019ia plot\u00ebsojm\u00eb k\u00ebt\u00eb d\u00ebshir\u00eb\u201d, tha ndihm\u00ebs trajneri i Kosov\u00ebs, Muharrem Sahiti.<\/p>\n<p>\u201c\u00cbsht\u00eb nj\u00eb dit\u00eb shum\u00eb emocionuese p\u00ebr ne, pasi ka nj\u00eb vit q\u00eb na mungon presidenti jon\u00eb, ai q\u00eb na ka sjell\u00eb te kjo \u00ebnd\u00ebrr, ku mund t\u00eb p\u00ebrfaq\u00ebsojm\u00eb shtetin ton\u00eb. T\u00eb gjith\u00eb e kemi \u00ebnd\u00ebrruar k\u00ebt\u00eb moment dhe tani e kemi p\u00ebr detyr\u00eb q\u00eb t\u00eb vazhdojm\u00eb \u00ebndrr\u00ebn e tij dhe t\u00eb b\u00ebjm\u00eb k\u00ebt\u00eb mrekulli, t\u00eb gjith\u00eb s\u00eb bashku, t\u00eb kualifikohemi sa m\u00eb shpejt\u201d, tha Samir Ujkani.<\/p>\n<p>&nbsp;<\/p>\n<p>&nbsp;<\/p>","protected":false},"excerpt":{"rendered":"<p>Nga Sofia, ku jan\u00eb t\u00eb grumbulluar p\u00ebr sfid\u00ebn eliminatore t\u00eb Euro 2020-\u00ebs p\u00ebrball\u00eb Bullgaris\u00eb, futbollist\u00ebt e p\u00ebrfaq\u00ebsueses s\u00eb Kosov\u00ebs kan\u00eb nderuar kujtimin e Fadil Vokrrit, n\u00eb 1-vjetorin e ndarjes s\u00eb tij nga jeta. Ish-presidenti i Federat\u00ebs s\u00eb Futbollit n\u00eb Kosov\u00eb u nda nga jeta nj\u00eb vit m\u00eb par\u00eb, pas nj\u00eb sulmi kardiak. Z\u00ebvend\u00ebspresidenti i FFK-s\u00eb, [&hellip;]<\/p>\n","protected":false},"author":2013,"featured_media":88886,"comment_status":"open","ping_status":"closed","sticky":false,"template":"","format":"standard","meta":{"footnotes":""},"categories":[241,192],"tags":[],"class_list":{"0":"post-88885","1":"post","2":"type-post","3":"status-publish","4":"format-standard","5":"has-post-thumbnail","7":"category-aktualitet","8":"category-sport"},"_links":{"self":[{"href":"https:\/\/zjarr.tv\/en\/wp-json\/wp\/v2\/posts\/88885","targetHints":{"allow":["GET"]}}],"collection":[{"href":"https:\/\/zjarr.tv\/en\/wp-json\/wp\/v2\/posts"}],"about":[{"href":"https:\/\/zjarr.tv\/en\/wp-json\/wp\/v2\/types\/post"}],"author":[{"embeddable":true,"href":"https:\/\/zjarr.tv\/en\/wp-json\/wp\/v2\/users\/2013"}],"replies":[{"embeddable":true,"href":"https:\/\/zjarr.tv\/en\/wp-json\/wp\/v2\/comments?post=88885"}],"version-history":[{"count":0,"href":"https:\/\/zjarr.tv\/en\/wp-json\/wp\/v2\/posts\/88885\/revisions"}],"wp:featuredmedia":[{"embeddable":true,"href":"https:\/\/zjarr.tv\/en\/wp-json\/wp\/v2\/media\/88886"}],"wp:attachment":[{"href":"https:\/\/zjarr.tv\/en\/wp-json\/wp\/v2\/media?parent=88885"}],"wp:term":[{"taxonomy":"category","embeddable":true,"href":"https:\/\/zjarr.tv\/en\/wp-json\/wp\/v2\/categories?post=88885"},{"taxonomy":"post_tag","embeddable":true,"href":"https:\/\/zjarr.tv\/en\/wp-json\/wp\/v2\/tags?post=88885"}],"curies":[{"name":"wp","href":"https:\/\/api.w.org\/{rel}","templated":true}]}}