{"id":88888,"date":"2019-06-09T20:20:20","date_gmt":"2019-06-09T18:20:20","guid":{"rendered":"https:\/\/zjarr.tv\/?p=88888"},"modified":"2019-06-09T18:06:30","modified_gmt":"2019-06-09T16:06:30","slug":"e-shkarkoi-kosova-trajneri-prane-stolit-te-serbise","status":"publish","type":"post","link":"https:\/\/zjarr.tv\/en\/e-shkarkoi-kosova-trajneri-prane-stolit-te-serbise\/","title":{"rendered":"E shkarkoi Kosova, trajneri pran\u00eb stolit t\u00eb Serbis\u00eb"},"content":{"rendered":"<p>Nj\u00eb dit\u00eb pasi Federata e Futbollit e Malit t\u00eb Zi e shkarkoi nga posti i trajnerit t\u00eb ekipit komb\u00ebtar, p\u00ebr shkak se nuk kishte pranuar ta udh\u00ebhiqte skuadr\u00ebn kund\u00ebr Kosov\u00ebs, Ljubisa Tumbakovic, thuhet t\u00eb jet\u00eb kandidat p\u00ebr pozit\u00ebn e trajnerit t\u00eb Serbis\u00eb.<\/p>\n<p>Tumbakovic, bashk\u00eb me dy futbollist\u00eb me prejardhje serbe \u2013 vendosen t\u00eb mos merrnin pjes\u00eb n\u00eb ndeshjen e Malit t\u00eb Zi kund\u00ebr Kosov\u00ebs e vlefshme p\u00ebr kualifikime n\u00eb Kampionatin Evropian 2020, e cila p\u00ebrfundoi pa fitues 1:1 t\u00eb premten n\u00eb Podgoric\u00eb \u2013 p\u00ebr shkak t\u00eb presionit t\u00eb madh politik nga Beogradi.<\/p>\n<p>Si pasoj\u00eb, Federata malazeze e shkarkoi Tumbakovicin nga posti i trajnerit nj\u00eb dit\u00eb pas ndeshjes. Tani q\u00eb ai \u00ebsht\u00eb i papun\u00eb, spekulohet se mund ta marr\u00eb drejtimin e Komb\u00ebtares s\u00eb Serbis\u00eb.<\/p>\n<p>Vijesti n\u00eb Mal t\u00eb Zi shkruan se Tumbakovic \u00ebsht\u00eb nd\u00ebr dy kandidat\u00ebt me serioz p\u00ebr postin e trajnerit t\u00eb Serbis\u00eb, bashk\u00eb me Dragan Stojkovicin.<\/p>\n<p>Serbia u turp\u00ebrua nga Ukraina duke u mposhtur bindsh\u00ebm 5:0 n\u00eb nj\u00eb ndeshje kualifikuese p\u00ebr Kampionatin Evropian 2020 dhe e ardhmja e trajnerit Mladen Krstajic \u00ebsht\u00eb n\u00eb dyshim t\u00eb madh.<\/p>\n<p>Duke iu referuar mediave serbe, Vijesti shkruan se njeriu q\u00eb e la Malin e Zi n\u00eb balt\u00eb n\u00eb ndeshje ndaj Kosov\u00ebs p\u00ebr shkak t\u00eb presionit nga Beogradi, tani mund ta z\u00ebvend\u00ebsoj\u00eb Krstajicin n\u00eb postin e trajnerit t\u00eb Serbis\u00eb.<\/p>\n<p>&nbsp;<\/p>","protected":false},"excerpt":{"rendered":"<p>Nj\u00eb dit\u00eb pasi Federata e Futbollit e Malit t\u00eb Zi e shkarkoi nga posti i trajnerit t\u00eb ekipit komb\u00ebtar, p\u00ebr shkak se nuk kishte pranuar ta udh\u00ebhiqte skuadr\u00ebn kund\u00ebr Kosov\u00ebs, Ljubisa Tumbakovic, thuhet t\u00eb jet\u00eb kandidat p\u00ebr pozit\u00ebn e trajnerit t\u00eb Serbis\u00eb. Tumbakovic, bashk\u00eb me dy futbollist\u00eb me prejardhje serbe \u2013 vendosen t\u00eb mos merrnin [&hellip;]<\/p>\n","protected":false},"author":2013,"featured_media":88889,"comment_status":"open","ping_status":"closed","sticky":false,"template":"","format":"standard","meta":{"footnotes":""},"categories":[241,192],"tags":[],"class_list":{"0":"post-88888","1":"post","2":"type-post","3":"status-publish","4":"format-standard","5":"has-post-thumbnail","7":"category-aktualitet","8":"category-sport"},"_links":{"self":[{"href":"https:\/\/zjarr.tv\/en\/wp-json\/wp\/v2\/posts\/88888","targetHints":{"allow":["GET"]}}],"collection":[{"href":"https:\/\/zjarr.tv\/en\/wp-json\/wp\/v2\/posts"}],"about":[{"href":"https:\/\/zjarr.tv\/en\/wp-json\/wp\/v2\/types\/post"}],"author":[{"embeddable":true,"href":"https:\/\/zjarr.tv\/en\/wp-json\/wp\/v2\/users\/2013"}],"replies":[{"embeddable":true,"href":"https:\/\/zjarr.tv\/en\/wp-json\/wp\/v2\/comments?post=88888"}],"version-history":[{"count":0,"href":"https:\/\/zjarr.tv\/en\/wp-json\/wp\/v2\/posts\/88888\/revisions"}],"wp:featuredmedia":[{"embeddable":true,"href":"https:\/\/zjarr.tv\/en\/wp-json\/wp\/v2\/media\/88889"}],"wp:attachment":[{"href":"https:\/\/zjarr.tv\/en\/wp-json\/wp\/v2\/media?parent=88888"}],"wp:term":[{"taxonomy":"category","embeddable":true,"href":"https:\/\/zjarr.tv\/en\/wp-json\/wp\/v2\/categories?post=88888"},{"taxonomy":"post_tag","embeddable":true,"href":"https:\/\/zjarr.tv\/en\/wp-json\/wp\/v2\/tags?post=88888"}],"curies":[{"name":"wp","href":"https:\/\/api.w.org\/{rel}","templated":true}]}}