{"id":88902,"date":"2019-06-09T18:19:35","date_gmt":"2019-06-09T16:19:35","guid":{"rendered":"https:\/\/zjarr.tv\/?p=88902"},"modified":"2019-06-09T18:19:35","modified_gmt":"2019-06-09T16:19:35","slug":"vendit-i-duhet-sa-me-pare-parlamenti-pluralist-manjani-ja-periudha-e-duhur-per-zgjedhje-te-parakohshme","status":"publish","type":"post","link":"https:\/\/zjarr.tv\/en\/vendit-i-duhet-sa-me-pare-parlamenti-pluralist-manjani-ja-periudha-e-duhur-per-zgjedhje-te-parakohshme\/","title":{"rendered":"&#8216;Vendit i duhet sa m\u00eb par\u00eb Parlamenti pluralist&#8217;\/ Manjani: Ja periudha e duhur p\u00ebr zgjedhje t\u00eb parakohshme"},"content":{"rendered":"<p>Vjeshta \u00ebsht\u00eb periudha e duhur p\u00ebr t\u00eb zhvilluar zgjedhje parlamentare.<\/p>\n<p>K\u00ebshtu shprehet ish ministri i drejt\u00ebsis\u00eb Ylli Manjani, p\u00ebrmes nj\u00eb postimi n\u00eb rrjetet sociale.<\/p>\n<p>Sipas tij, vendi ka nevoj\u00eb p\u00ebr nj\u00eb parlament pluralist, ndaj shtatori ose tetori jan\u00eb periudha e duhur p\u00ebr zgjedhje parlamentare.<\/p>\n<p>Postimi i plot\u00eb i Ylli Manjanit:<\/p>\n<p>\u201cSi dat\u00eb t\u00eb re zgjedhjesh lokale mund t\u00eb ishin datat 14 ose 21 korrik.<\/p>\n<p>\u00cbsht\u00eb krejt e mundshme pa sforco ligjore, sepse nga pikpamja Kushtetuese nuk ka asnj\u00eb problem.<\/p>\n<p>Por insistoj, vendit i duhet sa m\u00eb par\u00eb Parlamenti pluralist!<\/p>\n<p>K\u00ebshtu q\u00eb vendi duhet t\u00eb b\u00ebhet gati p\u00ebr zgjedhje parlamentare n\u00eb vjesht\u00eb Shtator-Tetor \u00ebsht\u00eb periudha e duhur&#8230;<\/p>\n<p>K\u00ebt\u00eb gj\u00eb planifikonte t\u00eb b\u00ebnte edhe Rama, por e kishte n\u00eb plan pa opozit\u00ebn&#8230;.<\/p>\n<p>Pa opozit\u00eb nuk ka zgjedhje!<\/p>\n<p>Tani \u00ebsht\u00eb koha p\u00ebr ndonj\u00eb hap pas dhe p\u00ebr t&#8217;u p\u00ebrgatitur p\u00ebr t\u00eb dy pal\u00ebt e zgjedhjeve!\u201d<\/p>\n<p>&nbsp;<\/p>\n<p>&nbsp;<\/p>","protected":false},"excerpt":{"rendered":"<p>Vjeshta \u00ebsht\u00eb periudha e duhur p\u00ebr t\u00eb zhvilluar zgjedhje parlamentare. K\u00ebshtu shprehet ish ministri i drejt\u00ebsis\u00eb Ylli Manjani, p\u00ebrmes nj\u00eb postimi n\u00eb rrjetet sociale. Sipas tij, vendi ka nevoj\u00eb p\u00ebr nj\u00eb parlament pluralist, ndaj shtatori ose tetori jan\u00eb periudha e duhur p\u00ebr zgjedhje parlamentare. Postimi i plot\u00eb i Ylli Manjanit: \u201cSi dat\u00eb t\u00eb re zgjedhjesh [&hellip;]<\/p>\n","protected":false},"author":2013,"featured_media":57055,"comment_status":"open","ping_status":"closed","sticky":false,"template":"","format":"standard","meta":{"footnotes":""},"categories":[241,235],"tags":[],"class_list":{"0":"post-88902","1":"post","2":"type-post","3":"status-publish","4":"format-standard","5":"has-post-thumbnail","7":"category-aktualitet","8":"category-vendi"},"_links":{"self":[{"href":"https:\/\/zjarr.tv\/en\/wp-json\/wp\/v2\/posts\/88902","targetHints":{"allow":["GET"]}}],"collection":[{"href":"https:\/\/zjarr.tv\/en\/wp-json\/wp\/v2\/posts"}],"about":[{"href":"https:\/\/zjarr.tv\/en\/wp-json\/wp\/v2\/types\/post"}],"author":[{"embeddable":true,"href":"https:\/\/zjarr.tv\/en\/wp-json\/wp\/v2\/users\/2013"}],"replies":[{"embeddable":true,"href":"https:\/\/zjarr.tv\/en\/wp-json\/wp\/v2\/comments?post=88902"}],"version-history":[{"count":0,"href":"https:\/\/zjarr.tv\/en\/wp-json\/wp\/v2\/posts\/88902\/revisions"}],"wp:featuredmedia":[{"embeddable":true,"href":"https:\/\/zjarr.tv\/en\/wp-json\/wp\/v2\/media\/57055"}],"wp:attachment":[{"href":"https:\/\/zjarr.tv\/en\/wp-json\/wp\/v2\/media?parent=88902"}],"wp:term":[{"taxonomy":"category","embeddable":true,"href":"https:\/\/zjarr.tv\/en\/wp-json\/wp\/v2\/categories?post=88902"},{"taxonomy":"post_tag","embeddable":true,"href":"https:\/\/zjarr.tv\/en\/wp-json\/wp\/v2\/tags?post=88902"}],"curies":[{"name":"wp","href":"https:\/\/api.w.org\/{rel}","templated":true}]}}