{"id":88903,"date":"2019-06-09T20:50:03","date_gmt":"2019-06-09T18:50:03","guid":{"rendered":"https:\/\/zjarr.tv\/?p=88903"},"modified":"2019-06-09T18:21:07","modified_gmt":"2019-06-09T16:21:07","slug":"rita-ora-dhe-ava-max-behen-bashke","status":"publish","type":"post","link":"https:\/\/zjarr.tv\/en\/rita-ora-dhe-ava-max-behen-bashke\/","title":{"rendered":"Rita Ora dhe Ava Max b\u00ebhen bashk\u00eb"},"content":{"rendered":"<p>Disa emra t\u00eb m\u00ebdhenj t\u00eb muzik\u00ebs mb\u00ebrrit\u00ebn n\u00eb stadiumin Wembley p\u00ebr Summertime Ball.<\/p>\n<p>Midis tyre ishin edhe dy k\u00ebng\u00ebtaret shqiptare Rita Ora dhe Ava Max.<\/p>\n<p>Rita dhe Ava u takuan s\u00eb bashku n\u00eb prapaskenat e festivalit.<\/p>\n<p>Nd\u00ebrsa ndan\u00eb me fansat momentin e takimit.<\/p>\n<p>Dy k\u00ebn\u00ebgtaret publikuan fotografin\u00eb n\u00eb Instagram. Dhe Ava shkruan p\u00ebr Rit\u00ebn:<em>\u00a0\u201cE dua k\u00ebt\u00eb vajz\u00eb\u201d.<\/em><\/p>\n<p>duket se k\u00ebng\u00ebtaret e mb\u00ebshtesin karrier\u00ebn e nj\u00ebra-tjetr\u00ebs. Nd\u00ebrsa Bebe Rexha pak muaj m\u00eb par\u00eb I b\u00ebri thirrje p\u00ebr nj\u00eb bashk\u00ebpunim Rita Or\u00ebs, Dua Lipas dhe Ava Max.<\/p>\n<p>&nbsp;<\/p>","protected":false},"excerpt":{"rendered":"<p>Disa emra t\u00eb m\u00ebdhenj t\u00eb muzik\u00ebs mb\u00ebrrit\u00ebn n\u00eb stadiumin Wembley p\u00ebr Summertime Ball. Midis tyre ishin edhe dy k\u00ebng\u00ebtaret shqiptare Rita Ora dhe Ava Max. Rita dhe Ava u takuan s\u00eb bashku n\u00eb prapaskenat e festivalit. Nd\u00ebrsa ndan\u00eb me fansat momentin e takimit. Dy k\u00ebn\u00ebgtaret publikuan fotografin\u00eb n\u00eb Instagram. Dhe Ava shkruan p\u00ebr Rit\u00ebn:\u00a0\u201cE dua [&hellip;]<\/p>\n","protected":false},"author":2013,"featured_media":88905,"comment_status":"open","ping_status":"closed","sticky":false,"template":"","format":"standard","meta":{"footnotes":""},"categories":[241,193],"tags":[],"class_list":{"0":"post-88903","1":"post","2":"type-post","3":"status-publish","4":"format-standard","5":"has-post-thumbnail","7":"category-aktualitet","8":"category-showbiz"},"_links":{"self":[{"href":"https:\/\/zjarr.tv\/en\/wp-json\/wp\/v2\/posts\/88903","targetHints":{"allow":["GET"]}}],"collection":[{"href":"https:\/\/zjarr.tv\/en\/wp-json\/wp\/v2\/posts"}],"about":[{"href":"https:\/\/zjarr.tv\/en\/wp-json\/wp\/v2\/types\/post"}],"author":[{"embeddable":true,"href":"https:\/\/zjarr.tv\/en\/wp-json\/wp\/v2\/users\/2013"}],"replies":[{"embeddable":true,"href":"https:\/\/zjarr.tv\/en\/wp-json\/wp\/v2\/comments?post=88903"}],"version-history":[{"count":0,"href":"https:\/\/zjarr.tv\/en\/wp-json\/wp\/v2\/posts\/88903\/revisions"}],"wp:featuredmedia":[{"embeddable":true,"href":"https:\/\/zjarr.tv\/en\/wp-json\/wp\/v2\/media\/88905"}],"wp:attachment":[{"href":"https:\/\/zjarr.tv\/en\/wp-json\/wp\/v2\/media?parent=88903"}],"wp:term":[{"taxonomy":"category","embeddable":true,"href":"https:\/\/zjarr.tv\/en\/wp-json\/wp\/v2\/categories?post=88903"},{"taxonomy":"post_tag","embeddable":true,"href":"https:\/\/zjarr.tv\/en\/wp-json\/wp\/v2\/tags?post=88903"}],"curies":[{"name":"wp","href":"https:\/\/api.w.org\/{rel}","templated":true}]}}