{"id":88913,"date":"2019-06-09T21:20:21","date_gmt":"2019-06-09T19:20:21","guid":{"rendered":"https:\/\/zjarr.tv\/?p=88913"},"modified":"2019-06-09T18:25:47","modified_gmt":"2019-06-09T16:25:47","slug":"cristiano-ronaldo-ndalon-autobusin-i-ben-realitet-endrren-tifozit-me-leucemi","status":"publish","type":"post","link":"https:\/\/zjarr.tv\/en\/cristiano-ronaldo-ndalon-autobusin-i-ben-realitet-endrren-tifozit-me-leucemi\/","title":{"rendered":"Cristiano Ronaldo ndalon autobusin, i b\u00ebn realitet \u00ebndrr\u00ebn tifozit me leu\u00e7emi"},"content":{"rendered":"<p>Cristiano Ronaldo i ka plot\u00ebsuar d\u00ebshir\u00ebn nj\u00eb tifozi t\u00eb s\u00ebmur\u00eb duke ndaluar autobusin dhe b\u00ebri nj\u00eb foto me t\u00eb. Ngjarja ndodhi p\u00ebrpara finales s\u00eb Lig\u00ebs s\u00eb UEFA-s.<\/p>\n<p>Ronaldo dhe skuadra portugeze po k\u00ebrkojn\u00eb t\u00eb b\u00ebhen kampion\u00ebt e par\u00eb t\u00eb Lig\u00ebs Komb\u00ebtare nd\u00ebrsa do p\u00ebrballen t\u00eb diel\u00ebn me Holand\u00ebn n\u00eb Porto.<\/p>\n<p>P\u00ebrpara p\u00ebrballjes, futbollisti i k\u00ebrkoi autobusit t\u00eb Portugali\u00ebs q\u00eb t\u00eb ndalonte p\u00ebr t\u00eb b\u00ebr\u00eb nj\u00eb foto me tifozin e vog\u00ebl.<\/p>\n<p>11-vje\u00e7ari Eduardo Moreira mbante nj\u00eb poster q\u00eb lexonte:<em>\u00a0&#8216;Cristiano, m\u00eb jep nj\u00eb p\u00ebrqafim&#8217;.<\/em><\/p>\n<p>Dhe ylli portugez b\u00ebri pik\u00ebrisht k\u00ebt\u00eb. Ai u sigurua q\u00eb t\u2019ia plot\u00ebsonte d\u00ebshir\u00ebn idhullit t\u00eb tij.<\/p>\n<p>Mediat raportuan se Moreira po lufton me leu\u00e7emin\u00eb.<\/p>\n<p>&nbsp;<\/p>\n<p>&nbsp;<\/p>","protected":false},"excerpt":{"rendered":"<p>Cristiano Ronaldo i ka plot\u00ebsuar d\u00ebshir\u00ebn nj\u00eb tifozi t\u00eb s\u00ebmur\u00eb duke ndaluar autobusin dhe b\u00ebri nj\u00eb foto me t\u00eb. Ngjarja ndodhi p\u00ebrpara finales s\u00eb Lig\u00ebs s\u00eb UEFA-s. Ronaldo dhe skuadra portugeze po k\u00ebrkojn\u00eb t\u00eb b\u00ebhen kampion\u00ebt e par\u00eb t\u00eb Lig\u00ebs Komb\u00ebtare nd\u00ebrsa do p\u00ebrballen t\u00eb diel\u00ebn me Holand\u00ebn n\u00eb Porto. P\u00ebrpara p\u00ebrballjes, futbollisti i k\u00ebrkoi [&hellip;]<\/p>\n","protected":false},"author":2013,"featured_media":88914,"comment_status":"open","ping_status":"closed","sticky":false,"template":"","format":"standard","meta":{"footnotes":""},"categories":[241,192],"tags":[],"class_list":{"0":"post-88913","1":"post","2":"type-post","3":"status-publish","4":"format-standard","5":"has-post-thumbnail","7":"category-aktualitet","8":"category-sport"},"_links":{"self":[{"href":"https:\/\/zjarr.tv\/en\/wp-json\/wp\/v2\/posts\/88913","targetHints":{"allow":["GET"]}}],"collection":[{"href":"https:\/\/zjarr.tv\/en\/wp-json\/wp\/v2\/posts"}],"about":[{"href":"https:\/\/zjarr.tv\/en\/wp-json\/wp\/v2\/types\/post"}],"author":[{"embeddable":true,"href":"https:\/\/zjarr.tv\/en\/wp-json\/wp\/v2\/users\/2013"}],"replies":[{"embeddable":true,"href":"https:\/\/zjarr.tv\/en\/wp-json\/wp\/v2\/comments?post=88913"}],"version-history":[{"count":0,"href":"https:\/\/zjarr.tv\/en\/wp-json\/wp\/v2\/posts\/88913\/revisions"}],"wp:featuredmedia":[{"embeddable":true,"href":"https:\/\/zjarr.tv\/en\/wp-json\/wp\/v2\/media\/88914"}],"wp:attachment":[{"href":"https:\/\/zjarr.tv\/en\/wp-json\/wp\/v2\/media?parent=88913"}],"wp:term":[{"taxonomy":"category","embeddable":true,"href":"https:\/\/zjarr.tv\/en\/wp-json\/wp\/v2\/categories?post=88913"},{"taxonomy":"post_tag","embeddable":true,"href":"https:\/\/zjarr.tv\/en\/wp-json\/wp\/v2\/tags?post=88913"}],"curies":[{"name":"wp","href":"https:\/\/api.w.org\/{rel}","templated":true}]}}