{"id":88921,"date":"2019-06-09T21:50:25","date_gmt":"2019-06-09T19:50:25","guid":{"rendered":"https:\/\/zjarr.tv\/?p=88921"},"modified":"2019-06-09T18:30:58","modified_gmt":"2019-06-09T16:30:58","slug":"e-bukur-por-e-frikshme-gazetari-anglez-ne-vilen-e-enver-hoxhes","status":"publish","type":"post","link":"https:\/\/zjarr.tv\/en\/e-bukur-por-e-frikshme-gazetari-anglez-ne-vilen-e-enver-hoxhes\/","title":{"rendered":"\u201cE bukur, por e frikshme\u201d, gazetari anglez n\u00eb vil\u00ebn e Enver Hoxh\u00ebs"},"content":{"rendered":"<p>Gjat\u00eb vizit\u00ebs s\u00eb tij n\u00eb Shqip\u00ebri, Gazetari i \u201cThe Guardian\u201d, Shaun Walker ka vizituar edhe vil\u00ebn ku jetonte diktatori Enver Hoxha.<\/p>\n<p>Walker tregon disa fotografi nga brenda sht\u00ebpis\u00eb s\u00eb Hoxh\u00ebs t\u00eb cilat i p\u00ebrshkruan si mjaft komode p\u00ebr periudh\u00ebn q\u00eb b\u00ebhet fjal\u00eb.<\/p>\n<p>\u201cSot kam b\u00ebr\u00eb nj\u00eb vizit\u00eb n\u00eb vil\u00ebn e Enver Hoxh\u00ebs n\u00eb Tiran\u00eb, ku diktatori ka jetuar nga viti 1975 deri n\u00eb vdekjen e tij n\u00eb vitin 1985.Vend i mrekulluesh\u00ebm, edhe pse i friksh\u00ebm p\u00ebr tu vizituar. \u00cbsht\u00eb e mbyllur p\u00ebr publikun dhe shum\u00eb m\u00eb tep\u00ebr se sa ishte, kur ai vdiq\u201d, shkruan gazetari i \u201cThe Guardian\u201d.<\/p>\n<p>&nbsp;<\/p>","protected":false},"excerpt":{"rendered":"<p>Gjat\u00eb vizit\u00ebs s\u00eb tij n\u00eb Shqip\u00ebri, Gazetari i \u201cThe Guardian\u201d, Shaun Walker ka vizituar edhe vil\u00ebn ku jetonte diktatori Enver Hoxha. Walker tregon disa fotografi nga brenda sht\u00ebpis\u00eb s\u00eb Hoxh\u00ebs t\u00eb cilat i p\u00ebrshkruan si mjaft komode p\u00ebr periudh\u00ebn q\u00eb b\u00ebhet fjal\u00eb. \u201cSot kam b\u00ebr\u00eb nj\u00eb vizit\u00eb n\u00eb vil\u00ebn e Enver Hoxh\u00ebs n\u00eb Tiran\u00eb, ku [&hellip;]<\/p>\n","protected":false},"author":2013,"featured_media":88922,"comment_status":"open","ping_status":"closed","sticky":false,"template":"","format":"standard","meta":{"footnotes":""},"categories":[241,337],"tags":[],"class_list":{"0":"post-88921","1":"post","2":"type-post","3":"status-publish","4":"format-standard","5":"has-post-thumbnail","7":"category-aktualitet","8":"category-kulture"},"_links":{"self":[{"href":"https:\/\/zjarr.tv\/en\/wp-json\/wp\/v2\/posts\/88921","targetHints":{"allow":["GET"]}}],"collection":[{"href":"https:\/\/zjarr.tv\/en\/wp-json\/wp\/v2\/posts"}],"about":[{"href":"https:\/\/zjarr.tv\/en\/wp-json\/wp\/v2\/types\/post"}],"author":[{"embeddable":true,"href":"https:\/\/zjarr.tv\/en\/wp-json\/wp\/v2\/users\/2013"}],"replies":[{"embeddable":true,"href":"https:\/\/zjarr.tv\/en\/wp-json\/wp\/v2\/comments?post=88921"}],"version-history":[{"count":0,"href":"https:\/\/zjarr.tv\/en\/wp-json\/wp\/v2\/posts\/88921\/revisions"}],"wp:featuredmedia":[{"embeddable":true,"href":"https:\/\/zjarr.tv\/en\/wp-json\/wp\/v2\/media\/88922"}],"wp:attachment":[{"href":"https:\/\/zjarr.tv\/en\/wp-json\/wp\/v2\/media?parent=88921"}],"wp:term":[{"taxonomy":"category","embeddable":true,"href":"https:\/\/zjarr.tv\/en\/wp-json\/wp\/v2\/categories?post=88921"},{"taxonomy":"post_tag","embeddable":true,"href":"https:\/\/zjarr.tv\/en\/wp-json\/wp\/v2\/tags?post=88921"}],"curies":[{"name":"wp","href":"https:\/\/api.w.org\/{rel}","templated":true}]}}