{"id":88947,"date":"2019-06-10T11:24:26","date_gmt":"2019-06-10T09:24:26","guid":{"rendered":"https:\/\/zjarr.tv\/?p=88947"},"modified":"2019-06-10T11:24:26","modified_gmt":"2019-06-10T09:24:26","slug":"veliaj-leter-te-personalizuar-cdo-qytetari-cfare-shkruan","status":"publish","type":"post","link":"https:\/\/zjarr.tv\/en\/veliaj-leter-te-personalizuar-cdo-qytetari-cfare-shkruan\/","title":{"rendered":"Veliaj let\u00ebr t\u00eb personalizuar \u00e7do qytetari, \u00e7far\u00eb shkruan"},"content":{"rendered":"<p>K\u00ebto dit\u00eb qytetar\u00ebt e Tiran\u00ebs kan\u00eb marr\u00eb nj\u00eb let\u00ebr nga kryebashkiaku Erion Veliaj, p\u00ebrmes s\u00eb cil\u00ebs ai u shpreh mir\u00ebnjohjen p\u00ebr mb\u00ebshtetjen dhe besimin q\u00eb i kan\u00eb dh\u00ebn\u00eb n\u00eb k\u00ebto 4 vite, nd\u00ebrsa i fton q\u00eb m\u00eb 30 qershor, t\u2019i japin nj\u00eb dor\u00eb p\u00ebr nj\u00eb mandat t\u00eb dyt\u00eb.<\/p>\n<p>N\u00eb letr\u00ebn e d\u00ebrguar qytetar\u00ebve, Veliaj shprehet se fal\u00eb mb\u00ebshtetjes s\u00eb qytetar\u00ebve 4 vjet m\u00eb par\u00eb, Tirana \u00ebsht\u00eb futur n\u00eb rrug\u00ebn e transformimit dhe liston nj\u00eb s\u00ebr\u00eb investimesh t\u00eb r\u00ebnd\u00ebsishme q\u00eb kan\u00eb rritur cil\u00ebsin\u00eb e jet\u00ebs n\u00eb kryeqytet.<\/p>\n<p>\u201cE dashur familje e Tiran\u00ebs son\u00eb! Me shum\u00eb p\u00ebrul\u00ebsi m\u00eb lejoni t\u2019ju fal\u00ebnderoj p\u00ebr besimin dhe ndihm\u00ebn tuaj n\u00eb transformimin e Kryeqytetit n\u00eb k\u00ebto 4 vite t\u00eb paharruara. T\u00eb gjith\u00eb s\u00eb bashku, me pun\u00eb, arrit\u00ebm t\u2019ia ndryshojm\u00eb faqen kryeqendr\u00ebs s\u00eb gjith\u00eb Shqip\u00ebris\u00eb! Sot Tirana g\u00eblon: Nga sheshi \u201cSk\u00ebnderbej\u201d, tek \u201cBulevardi i Ri\u201d, \u201cPazari i Ri\u201d, tek \u201cAmfiteatri i Liqenit\u201d, \u201cParku Olimpik\u201d, \u2018Reja\u2019 \u2013 qyteti \u00ebsht\u00eb plot e p\u00ebrplot me aktivitete e energji. Sot Tirana num\u00ebron 44 k\u00ebnde loj\u00ebrash, 5 shkolla t\u00eb reja dhe 17 t\u00eb tjera t\u00eb nisura, kopshte e \u00e7erdhe publike t\u00eb rikonstruktuara, t\u00eb cilat nuk jan\u00eb m\u00eb objekte turpi, por sht\u00ebpiza krenare p\u00ebr t\u00eb vegjlit, t\u00eb cil\u00ebt rriten sh\u00ebndetsh\u00ebm\u201d, thuhet n\u00eb letr\u00ebn e Veliajt.<\/p>\n<p>Mandej, ai shton se fal\u00eb transformimit t\u00eb shpejt\u00eb q\u00eb ka p\u00ebsuar Tirana, kryeqyteti konsiderohet nga guidat turistike si nj\u00eb nd\u00ebr qytetet m\u00eb energjike t\u00eb Ballkanit. Veliaj thekson se tashm\u00eb Tiran\u00ebs i referohen si metropol dhe kryeqyteti \u00ebsht\u00eb motori kryesor i zhvillimit t\u00eb Shqip\u00ebris\u00eb me rritje ekonomike 10%, m\u00eb e larta n\u00eb vend e rajon. \u201cN\u00eb k\u00ebto 4 vite kemi nd\u00ebrhyr\u00eb thuajse n\u00eb \u00e7do lagje t\u00eb Tiran\u00ebs, n\u00eb qend\u00ebr dhe n\u00eb periferi, me blloqe banimi t\u00eb shtruara me asfalt, t\u00eb ndri\u00e7uara, t\u00eb gjelb\u00ebruara, dhe me hap\u00ebsira d\u00ebfrimi, duke rikthyer ndjenj\u00ebn e humbur t\u00eb komunitetit\u201d, shkruan ai.<\/p>\n<p>N\u00eb letr\u00ebn d\u00ebrguar qytetar\u00ebve, Veliaj i siguron ata se ai dhe ekipi i tij kan\u00eb ende shum\u00eb pun\u00eb p\u00ebr t\u00eb b\u00ebr\u00eb dhe se Tirana vet\u00ebm sa e ka nisur rrug\u00ebn e saj t\u00eb shk\u00eblqimit. Veliaj thekson se bashkimi p\u00ebrmes vot\u00ebs m\u00eb 30 Qershor \u00ebsht\u00eb nj\u00eb dat\u00eb shum\u00eb e r\u00ebnd\u00ebsishme p\u00ebr t\u00eb ardhmen e familjeve dhe t\u00eb qytetit ton\u00eb. \u201cKemi ende shum\u00eb e shum\u00eb pun\u00eb p\u00ebr t\u00eb b\u00ebr\u00eb! Tirana vet\u00ebm sa e ka nisur rrug\u00ebn e saj t\u00eb shk\u00eblqimit. Ambicia ime dhe e skuadr\u00ebs q\u00eb drejtoj shkon shum\u00eb m\u00eb larg transformimit t\u00eb deritanish\u00ebm. Ashtu si edhe ju, un\u00eb dua t\u00eb punoj dhe t\u00eb rris familjen time n\u00eb nj\u00eb qytet edhe m\u00eb t\u00eb past\u00ebr e modern, me mund\u00ebsi p\u00ebr \u00e7do f\u00ebmij\u00eb, t\u00eb ri e t\u00eb rritur. Prandaj, m\u00eb 30 Qershor do t\u2019ia dalim vet\u00ebm n\u00ebse bashkohemi t\u00eb gjith\u00eb me vot\u00ebn ton\u00eb, si m\u00eb e \u00e7muara dhurat\u00eb p\u00ebr jet\u00ebn e familjeve tona dhe gjith\u00eb qytetit. Mezi pres t\u00eb nisim s\u00eb bashku nj\u00eb tjet\u00ebr 4-vje\u00e7ar\u201d, shkruan Veliaj.<\/p>","protected":false},"excerpt":{"rendered":"<p>K\u00ebto dit\u00eb qytetar\u00ebt e Tiran\u00ebs kan\u00eb marr\u00eb nj\u00eb let\u00ebr nga kryebashkiaku Erion Veliaj, p\u00ebrmes s\u00eb cil\u00ebs ai u shpreh mir\u00ebnjohjen p\u00ebr mb\u00ebshtetjen dhe besimin q\u00eb i kan\u00eb dh\u00ebn\u00eb n\u00eb k\u00ebto 4 vite, nd\u00ebrsa i fton q\u00eb m\u00eb 30 qershor, t\u2019i japin nj\u00eb dor\u00eb p\u00ebr nj\u00eb mandat t\u00eb dyt\u00eb. N\u00eb letr\u00ebn e d\u00ebrguar qytetar\u00ebve, Veliaj shprehet [&hellip;]<\/p>\n","protected":false},"author":4,"featured_media":88948,"comment_status":"open","ping_status":"closed","sticky":false,"template":"","format":"standard","meta":{"footnotes":""},"categories":[241,231,235],"tags":[],"class_list":{"0":"post-88947","1":"post","2":"type-post","3":"status-publish","4":"format-standard","5":"has-post-thumbnail","7":"category-aktualitet","8":"category-lajme","9":"category-vendi"},"_links":{"self":[{"href":"https:\/\/zjarr.tv\/en\/wp-json\/wp\/v2\/posts\/88947","targetHints":{"allow":["GET"]}}],"collection":[{"href":"https:\/\/zjarr.tv\/en\/wp-json\/wp\/v2\/posts"}],"about":[{"href":"https:\/\/zjarr.tv\/en\/wp-json\/wp\/v2\/types\/post"}],"author":[{"embeddable":true,"href":"https:\/\/zjarr.tv\/en\/wp-json\/wp\/v2\/users\/4"}],"replies":[{"embeddable":true,"href":"https:\/\/zjarr.tv\/en\/wp-json\/wp\/v2\/comments?post=88947"}],"version-history":[{"count":0,"href":"https:\/\/zjarr.tv\/en\/wp-json\/wp\/v2\/posts\/88947\/revisions"}],"wp:featuredmedia":[{"embeddable":true,"href":"https:\/\/zjarr.tv\/en\/wp-json\/wp\/v2\/media\/88948"}],"wp:attachment":[{"href":"https:\/\/zjarr.tv\/en\/wp-json\/wp\/v2\/media?parent=88947"}],"wp:term":[{"taxonomy":"category","embeddable":true,"href":"https:\/\/zjarr.tv\/en\/wp-json\/wp\/v2\/categories?post=88947"},{"taxonomy":"post_tag","embeddable":true,"href":"https:\/\/zjarr.tv\/en\/wp-json\/wp\/v2\/tags?post=88947"}],"curies":[{"name":"wp","href":"https:\/\/api.w.org\/{rel}","templated":true}]}}