{"id":88950,"date":"2019-06-10T11:26:58","date_gmt":"2019-06-10T09:26:58","guid":{"rendered":"https:\/\/zjarr.tv\/?p=88950"},"modified":"2019-06-10T11:26:58","modified_gmt":"2019-06-10T09:26:58","slug":"meta-shtyu-zgjedhjet-ps-do-nisim-procedurat-per-shkarkim","status":"publish","type":"post","link":"https:\/\/zjarr.tv\/en\/meta-shtyu-zgjedhjet-ps-do-nisim-procedurat-per-shkarkim\/","title":{"rendered":"Meta shtyu zgjedhjet, PS: Do nisim procedurat p\u00ebr shkarkim"},"content":{"rendered":"<p>Partia socialiste pritet t\u00eb nis\u00eb procedurat e shkarkimit t\u00eb presidentit Ilir Meta. Vendimi, pason dekretin e kreut t\u00eb Shtetit p\u00ebr anulimin e zgjedhjeve t\u00eb 30 qeshorit.<\/p>\n<p>N\u00eb nj\u00eb prononcim p\u00ebr mediat pas mbledhjes s\u00eb Kryesis\u00eb s\u00eb PS, z\u00ebdh\u00ebn\u00ebsja e Qeveris\u00eb dhe ministrja e Shtetit p\u00ebr Marr\u00ebdh\u00ebniet me Parlamentin, Elisa Spiropali tha se t\u00eb enjten Partia Socialiste do t\u00eb zhvilloj\u00eb nj\u00eb debat t\u00eb gjer\u00eb n\u00eb parlament rreth vendimit t\u00eb Presidentit Ilir Meta p\u00ebr t\u00eb \u00e7\u2019dekretuar dat\u00ebn e zgjedhjeve m\u00eb 30 qershor. Spiropali tha se do t\u00eb vazhdoj\u00eb procedura p\u00ebr t\u00eb shkarkuar Met\u00ebn.<\/p>\n<p>\u201cPatjet\u00ebr q\u00eb PS ka diskutuar p\u00ebr aktin brutal t\u00eb Ilir Met\u00ebs. PS ka vendosur q\u00eb t\u00eb enjten t\u00eb zhvilloj\u00eb nj\u00eb debat t\u00eb gjer\u00eb parlamentar sesi Ilir Meta ka sulmuar republik\u00ebn dhe ka shpikur nj\u00eb institucion q\u00eb nuk ekziston n\u00eb gjith\u00eb bot\u00ebn t\u00eb quajtur republike, \u00e7\u2019dekretimin. Ilir Meta e ka humbur t\u00eb drejt\u00ebn p\u00ebr t\u00eb q\u00ebndruar n\u00eb at\u00eb pozicion dhe parlamenti do nis\u00eb procedurat e shkarkimit. Do nis\u00eb n\u00eb seanc\u00ebn e s\u00eb enjtes dhe \u00ebsht\u00eb detyra jon\u00eb p\u00ebr t\u00eb mbrojtur kushtetut\u00ebn.<\/p>\n<p>Sigurisht, do i takoj\u00eb Gjykat\u00ebs Kushtetuese, ashtu edhe ligji parashikon. Por kjo nuk na e heq t\u00eb drejt\u00ebn p\u00ebr t\u00eb shkarkuar Ilir Met\u00ebn. \u201c-tha ajo.<\/p>\n<p class=\"x_MsoNormal\"><b><i>Deklarata p\u00ebr media e z\u00ebdh\u00ebn\u00ebses s\u00eb PS, Elisa Spiropali:<\/i><\/b><\/p>\n<p class=\"x_MsoNormal\"><b>\u00c7far\u00eb ka ndodhur n\u00eb mbledhjen e Kryesis\u00eb znj. Spiropali?<\/b><b>\u00a0<\/b><\/p>\n<p class=\"x_MsoNormal\">S\u00eb pari, ne vendos\u00ebm q\u00eb Partia Socialiste ti bashkohet fondit t\u00eb solidaritetit p\u00ebr banor\u00ebt e prekur nga t\u00ebrmeti n\u00eb Qarkun e Kor\u00e7\u00ebs dhe konkretisht t\u00eb alokoj\u00eb nj\u00eb fond prej 70 milion\u00eb lek\u00ebsh.<\/p>\n<p class=\"x_MsoNormal\">Bashkit\u00eb socialiste s\u00eb bashku me biznesin, t\u00eb cilit i \u00ebsht\u00eb thirrje p\u00ebr t\u2019u bashkuar n\u00eb k\u00ebt\u00eb fushat\u00eb solidariteti kan\u00eb kontribuar dhe do t\u00eb nd\u00ebrtojn\u00eb sht\u00ebpit\u00eb e banor\u00ebve t\u00eb Floqit, t\u00eb Qaf\u00ebzezit, Vidohov\u00ebs apo fshatrave t\u00eb tjer\u00eb. Partia Socialiste ka vendosur ti bashkohet k\u00ebsaj fushate duke hequr nga fondet e saj dhe duke ia shtuar fondin e solidaritetit.<\/p>\n<p class=\"x_MsoNormal\">S\u00eb dyti, Partia Socialiste ka diskutuar mbi aktin brutal t\u00eb Ilir Met\u00ebs mbi Republik\u00ebn Parlamentare t\u00eb Shqip\u00ebris\u00eb. Kryesia e Partis\u00eb Socialiste ka vendosur q\u00eb t\u00eb enjten, n\u00eb seanc\u00ebn plenare, t\u00eb zhvilloj\u00eb nj\u00eb debat t\u00eb gjat\u00eb parlamentar duke shtjelluar t\u00eb gjith\u00eb argumentet se si Ilir Meta ka sulmuar brutalisht Republik\u00ebn dhe ka shpikur nj\u00eb institucion q\u00eb nuk ekziston n\u00eb asnj\u00eb vend t\u00eb bot\u00ebs, n\u00eb asnj\u00eb Kushtetut\u00eb, t\u00eb quajtur zhdekretim.<\/p>\n<p class=\"x_MsoNormal\">Ky debat do t\u2019i p\u00ebrmbledh\u00eb t\u00eb gjith\u00eb argumentet tona. N\u00eb fund do ti takoj\u00eb Kolegjit Zgjedhor apo Komisionit Qendror t\u00eb Zgjedhjeve ta shqyrtoj\u00eb nga pik\u00ebpamja juridike. Ne si Kryesi e Partis\u00eb Socialiste mendojm\u00eb se Ilir Meta e ka humbur t\u00eb drejt\u00ebn p\u00ebr t\u00eb q\u00ebndruar n\u00eb at\u00eb pozicion dhe Parlamenti i Shqip\u00ebris\u00eb do filloj\u00eb procedur\u00ebn e shkarkimit t\u00eb Ilir Met\u00ebs nga posti i Presidentit t\u00eb Republik\u00ebs.<\/p>\n<p class=\"x_MsoNormal\"><b>Kur do nis\u00eb procedura znj.Spiropali?<\/b><\/p>\n<p class=\"x_MsoNormal\">Do t\u00eb nis\u00eb menj\u00ebher\u00eb n\u00eb seanc\u00ebn parlamentare t\u00eb s\u00eb enjtes, ku t\u00eb gjith\u00eb argumentet do shtjellohen plot\u00ebsisht. \u00cbsht\u00eb detyra jon\u00eb politike p\u00ebr t\u00eb mbrojtur Kushtetut\u00ebn, rendin kushtetues dhe Republik\u00ebn parlamentare.<\/p>\n<p class=\"x_MsoNormal\"><b>Shkarkimi k\u00ebrkon 94 vota dhe Gjykat\u00eb Kushtetuese e cila nuk funksionon?<\/b><\/p>\n<p class=\"x_MsoNormal\">Do ti takoj\u00eb Gjykat\u00ebs Kushtetuese n\u00eb fund, ashtu si\u00e7 edhe ligji e parashikon, por kjo nuk na heq neve t\u00eb drejt\u00ebn p\u00ebr t\u00eb filluar procesin e shkarkimit t\u00eb Ilir Met\u00ebs.<\/p>\n<p class=\"x_MsoNormal\"><b>\u00a0<\/b><b>\u00c7far\u00eb do ndodh\u00eb me 30 Qershorin?<\/b><\/p>\n<p class=\"x_MsoNormal\">M\u00eb 30 Qershor do t\u00eb kemi zgjedhje n\u00eb Republik\u00ebn e Shqip\u00ebris\u00eb.<\/p>\n<p class=\"x_MsoNormal\"><b>\u00a0<\/b><b>S\u2019kemi nj\u00eb dat\u00eb znj.Spiropali?<\/b><\/p>\n<p class=\"x_MsoNormal\">Data \u00ebsht\u00eb 30 Qershor.<\/p>","protected":false},"excerpt":{"rendered":"<p>Partia socialiste pritet t\u00eb nis\u00eb procedurat e shkarkimit t\u00eb presidentit Ilir Meta. Vendimi, pason dekretin e kreut t\u00eb Shtetit p\u00ebr anulimin e zgjedhjeve t\u00eb 30 qeshorit. N\u00eb nj\u00eb prononcim p\u00ebr mediat pas mbledhjes s\u00eb Kryesis\u00eb s\u00eb PS, z\u00ebdh\u00ebn\u00ebsja e Qeveris\u00eb dhe ministrja e Shtetit p\u00ebr Marr\u00ebdh\u00ebniet me Parlamentin, Elisa Spiropali tha se t\u00eb enjten Partia [&hellip;]<\/p>\n","protected":false},"author":4,"featured_media":68509,"comment_status":"open","ping_status":"closed","sticky":false,"template":"","format":"standard","meta":{"footnotes":""},"categories":[241,231,235],"tags":[],"class_list":{"0":"post-88950","1":"post","2":"type-post","3":"status-publish","4":"format-standard","5":"has-post-thumbnail","7":"category-aktualitet","8":"category-lajme","9":"category-vendi"},"_links":{"self":[{"href":"https:\/\/zjarr.tv\/en\/wp-json\/wp\/v2\/posts\/88950","targetHints":{"allow":["GET"]}}],"collection":[{"href":"https:\/\/zjarr.tv\/en\/wp-json\/wp\/v2\/posts"}],"about":[{"href":"https:\/\/zjarr.tv\/en\/wp-json\/wp\/v2\/types\/post"}],"author":[{"embeddable":true,"href":"https:\/\/zjarr.tv\/en\/wp-json\/wp\/v2\/users\/4"}],"replies":[{"embeddable":true,"href":"https:\/\/zjarr.tv\/en\/wp-json\/wp\/v2\/comments?post=88950"}],"version-history":[{"count":0,"href":"https:\/\/zjarr.tv\/en\/wp-json\/wp\/v2\/posts\/88950\/revisions"}],"wp:featuredmedia":[{"embeddable":true,"href":"https:\/\/zjarr.tv\/en\/wp-json\/wp\/v2\/media\/68509"}],"wp:attachment":[{"href":"https:\/\/zjarr.tv\/en\/wp-json\/wp\/v2\/media?parent=88950"}],"wp:term":[{"taxonomy":"category","embeddable":true,"href":"https:\/\/zjarr.tv\/en\/wp-json\/wp\/v2\/categories?post=88950"},{"taxonomy":"post_tag","embeddable":true,"href":"https:\/\/zjarr.tv\/en\/wp-json\/wp\/v2\/tags?post=88950"}],"curies":[{"name":"wp","href":"https:\/\/api.w.org\/{rel}","templated":true}]}}