{"id":88953,"date":"2019-06-10T11:28:34","date_gmt":"2019-06-10T09:28:34","guid":{"rendered":"https:\/\/zjarr.tv\/?p=88953"},"modified":"2019-06-10T11:28:34","modified_gmt":"2019-06-10T09:28:34","slug":"meta-ne-konference-pa-caktuar-presidenti-date-ska-zgjedhje","status":"publish","type":"post","link":"https:\/\/zjarr.tv\/en\/meta-ne-konference-pa-caktuar-presidenti-date-ska-zgjedhje\/","title":{"rendered":"Meta n\u00eb konferenc\u00eb: Pa caktuar Presidenti dat\u00eb, s\u2019ka zgjedhje"},"content":{"rendered":"<p>P\u00ebr 42 minuta, Presidenti i Republik\u00ebs Ilir Meta ka dal\u00eb sot para mediave n\u00eb nj\u00eb konferenc\u00eb t\u00eb jasht\u00ebzakonshme p\u00ebr t\u00eb folur p\u00ebr vendimin e tij p\u00ebr t\u00eb shfuqizuar dekretin p\u00ebr zhvillimin e zgjedhjeve vendore m\u00eb 30 qershor. Meta ka dh\u00ebn\u00eb t\u00eb gjitha argumentet duke iu referuar Kushtetut\u00ebs p\u00ebr rolin dhe kompetencat q\u00eb i cakton p\u00ebr \u00e7\u00ebshtjen e vendosjes s\u00eb dat\u00ebs s\u00eb zgjedhjeve dhe referendumet.<\/p>\n<p>Meta tha se pa pasur nj\u00eb dat\u00eb t\u00eb caktuar nga Presidenti i Republik\u00ebs, zgjedhjet qoft\u00eb ato p\u00ebrgjithshme qoft\u00eb ato vendore, s\u2019mund t\u00eb zhvillohen.<\/p>\n<p>\u201cJam sot p\u00ebr t\u00eb shpjeguar para jush dhe gjith\u00eb qytetar\u00ebve arsyet p\u00ebr shfuqizimin e dekretit p\u00ebr zgjedhjet e 30 qershorit.<\/p>\n<p>N\u00eb zbatim t\u00eb neni 92, Presidenti i Republik\u00ebs \u00ebsht\u00eb organi i vet\u00ebm kushtetues q\u00eb ka p\u00ebr kompetenc\u00eb caktimin e dat\u00ebs s\u00eb zgjedhjeve si dhe p\u00ebr zhvillimin e referendumeve. Konkretisht n\u00eb k\u00ebt\u00eb dispozit\u00eb kushtetuta p\u00ebrcakton dat\u00ebn e zgjedhjeve. Pa pasur nj\u00eb dat\u00eb t\u00eb caktuar nga Presidenti i Republik\u00ebs, zgjedhjet e p\u00ebrgjithshme apo vendore nuk mund t\u00eb zhvillohen\u201d, deklaroi Meta.<\/p>","protected":false},"excerpt":{"rendered":"<p>P\u00ebr 42 minuta, Presidenti i Republik\u00ebs Ilir Meta ka dal\u00eb sot para mediave n\u00eb nj\u00eb konferenc\u00eb t\u00eb jasht\u00ebzakonshme p\u00ebr t\u00eb folur p\u00ebr vendimin e tij p\u00ebr t\u00eb shfuqizuar dekretin p\u00ebr zhvillimin e zgjedhjeve vendore m\u00eb 30 qershor. Meta ka dh\u00ebn\u00eb t\u00eb gjitha argumentet duke iu referuar Kushtetut\u00ebs p\u00ebr rolin dhe kompetencat q\u00eb i cakton p\u00ebr [&hellip;]<\/p>\n","protected":false},"author":4,"featured_media":62167,"comment_status":"open","ping_status":"closed","sticky":false,"template":"","format":"standard","meta":{"footnotes":""},"categories":[241,231,235],"tags":[],"class_list":{"0":"post-88953","1":"post","2":"type-post","3":"status-publish","4":"format-standard","5":"has-post-thumbnail","7":"category-aktualitet","8":"category-lajme","9":"category-vendi"},"_links":{"self":[{"href":"https:\/\/zjarr.tv\/en\/wp-json\/wp\/v2\/posts\/88953","targetHints":{"allow":["GET"]}}],"collection":[{"href":"https:\/\/zjarr.tv\/en\/wp-json\/wp\/v2\/posts"}],"about":[{"href":"https:\/\/zjarr.tv\/en\/wp-json\/wp\/v2\/types\/post"}],"author":[{"embeddable":true,"href":"https:\/\/zjarr.tv\/en\/wp-json\/wp\/v2\/users\/4"}],"replies":[{"embeddable":true,"href":"https:\/\/zjarr.tv\/en\/wp-json\/wp\/v2\/comments?post=88953"}],"version-history":[{"count":0,"href":"https:\/\/zjarr.tv\/en\/wp-json\/wp\/v2\/posts\/88953\/revisions"}],"wp:featuredmedia":[{"embeddable":true,"href":"https:\/\/zjarr.tv\/en\/wp-json\/wp\/v2\/media\/62167"}],"wp:attachment":[{"href":"https:\/\/zjarr.tv\/en\/wp-json\/wp\/v2\/media?parent=88953"}],"wp:term":[{"taxonomy":"category","embeddable":true,"href":"https:\/\/zjarr.tv\/en\/wp-json\/wp\/v2\/categories?post=88953"},{"taxonomy":"post_tag","embeddable":true,"href":"https:\/\/zjarr.tv\/en\/wp-json\/wp\/v2\/tags?post=88953"}],"curies":[{"name":"wp","href":"https:\/\/api.w.org\/{rel}","templated":true}]}}