{"id":88955,"date":"2019-06-10T11:33:07","date_gmt":"2019-06-10T09:33:07","guid":{"rendered":"https:\/\/zjarr.tv\/?p=88955"},"modified":"2019-06-10T11:33:07","modified_gmt":"2019-06-10T09:33:07","slug":"anulimi-i-zgjedhjeve-te-30-qershorit-dy-anetaret-e-kqz-therrasin-mbledhje-urgjente","status":"publish","type":"post","link":"https:\/\/zjarr.tv\/en\/anulimi-i-zgjedhjeve-te-30-qershorit-dy-anetaret-e-kqz-therrasin-mbledhje-urgjente\/","title":{"rendered":"Anulimi i zgjedhjeve t\u00eb 30 qershorit, dy an\u00ebtar\u00ebt e KQZ th\u00ebrrasin mbledhje urgjente"},"content":{"rendered":"<p>Komisioni Qendror i Zgjedhjeve ka th\u00ebrritur nj\u00eb mbledhje urgjente mesdit\u00ebn e sotme, pas vendimit t\u00eb Presidentit Ilir Meta p\u00ebr t\u00eb anuluar zgjedhjet e 30 qershorit.<\/p>\n<p>Mbledhja \u00ebsht\u00eb thirrur nga n\u00ebnkryetari i Komisionit Qendror t\u00eb Zgjedhjeve Denar Biba dhe an\u00ebtari tjet\u00ebr i propozuar nga Partia Socialiste Bledar Sk\u00ebnderi.<\/p>\n<p>N\u00eb fjal\u00ebn e tij n\u00eb konferenc\u00ebn e m\u00ebngjesit t\u00eb sot\u00ebm, Meta tha se n\u00ebse n\u00eb zgjedhje merr pjes\u00eb vet\u00ebm mazhoranca at\u00ebher\u00eb popullit i cenohet e drejta p\u00ebr t\u00eb votuar dhe se standardet shkelen n\u00eb m\u00ebnyr\u00eb flagrante.<\/p>\n<p>\u201cKjo \u00ebsht\u00eb nj\u00eb situat\u00eb ekstreme. Ky proces zgjedhor \u00ebsht\u00eb fiktiv dhe fars\u00eb. Mazhoranca tenton kapjen e plot\u00eb t\u00eb t\u00eb gjitha institucioneve nd\u00ebrsa opozita tenton t\u00eb delegjitimoj\u00eb t\u00eb gjitha institucionet. T\u00eb zgjedhurit nga ky proces do d\u00ebmtonin struktur\u00ebn demokratike\u201d, deklaroi Presidenti.<\/p>\n<p>Sakaq Partia Socialiste ka nisur procedurat p\u00ebr shkarkimin e Presidentit.<\/p>","protected":false},"excerpt":{"rendered":"<p>Komisioni Qendror i Zgjedhjeve ka th\u00ebrritur nj\u00eb mbledhje urgjente mesdit\u00ebn e sotme, pas vendimit t\u00eb Presidentit Ilir Meta p\u00ebr t\u00eb anuluar zgjedhjet e 30 qershorit. Mbledhja \u00ebsht\u00eb thirrur nga n\u00ebnkryetari i Komisionit Qendror t\u00eb Zgjedhjeve Denar Biba dhe an\u00ebtari tjet\u00ebr i propozuar nga Partia Socialiste Bledar Sk\u00ebnderi. N\u00eb fjal\u00ebn e tij n\u00eb konferenc\u00ebn e m\u00ebngjesit [&hellip;]<\/p>\n","protected":false},"author":4,"featured_media":88956,"comment_status":"open","ping_status":"closed","sticky":false,"template":"","format":"standard","meta":{"footnotes":""},"categories":[241,231,235],"tags":[],"class_list":{"0":"post-88955","1":"post","2":"type-post","3":"status-publish","4":"format-standard","5":"has-post-thumbnail","7":"category-aktualitet","8":"category-lajme","9":"category-vendi"},"_links":{"self":[{"href":"https:\/\/zjarr.tv\/en\/wp-json\/wp\/v2\/posts\/88955","targetHints":{"allow":["GET"]}}],"collection":[{"href":"https:\/\/zjarr.tv\/en\/wp-json\/wp\/v2\/posts"}],"about":[{"href":"https:\/\/zjarr.tv\/en\/wp-json\/wp\/v2\/types\/post"}],"author":[{"embeddable":true,"href":"https:\/\/zjarr.tv\/en\/wp-json\/wp\/v2\/users\/4"}],"replies":[{"embeddable":true,"href":"https:\/\/zjarr.tv\/en\/wp-json\/wp\/v2\/comments?post=88955"}],"version-history":[{"count":0,"href":"https:\/\/zjarr.tv\/en\/wp-json\/wp\/v2\/posts\/88955\/revisions"}],"wp:featuredmedia":[{"embeddable":true,"href":"https:\/\/zjarr.tv\/en\/wp-json\/wp\/v2\/media\/88956"}],"wp:attachment":[{"href":"https:\/\/zjarr.tv\/en\/wp-json\/wp\/v2\/media?parent=88955"}],"wp:term":[{"taxonomy":"category","embeddable":true,"href":"https:\/\/zjarr.tv\/en\/wp-json\/wp\/v2\/categories?post=88955"},{"taxonomy":"post_tag","embeddable":true,"href":"https:\/\/zjarr.tv\/en\/wp-json\/wp\/v2\/tags?post=88955"}],"curies":[{"name":"wp","href":"https:\/\/api.w.org\/{rel}","templated":true}]}}