{"id":89802,"date":"2019-06-13T16:03:56","date_gmt":"2019-06-13T14:03:56","guid":{"rendered":"https:\/\/zjarr.tv\/?p=89802"},"modified":"2019-06-13T16:03:56","modified_gmt":"2019-06-13T14:03:56","slug":"vlore-kultivonin-kanabis-pranga-kryeplakut-dhe-te-birit","status":"publish","type":"post","link":"https:\/\/zjarr.tv\/en\/vlore-kultivonin-kanabis-pranga-kryeplakut-dhe-te-birit\/","title":{"rendered":"Vlor\u00eb, kultivonin kanabis, pranga kryeplakut dhe t\u00eb birit"},"content":{"rendered":"<p>Kryeplaku i fshatit Penkov\u00eb n\u00eb Vlor\u00eb bashk\u00eb me t\u00eb birin e tij jan\u00eb v\u00ebn\u00eb n\u00eb prangat e policise, pasi iu gjet\u00ebn t\u00eb kultivuara bim\u00eb narkotike p\u00ebrreth banes\u00ebs s\u00eb tyre.<\/p>\n<p><em>&#8220;Arrestimi i b\u00eb pas kontrollit t\u00eb ushtruar p\u00ebrreth nj\u00eb banese n\u00eb fshatin Penkov\u00eb, Bashkia Selenic\u00eb, ku u konstatun t\u00eb mbjella bim\u00eb dhe fidan\u00eb t\u00eb dyshuara t\u00eb llojit cannabis sattiva&#8221;,\u00a0<\/em>sqaron policia.<\/p>\n<p>Policia arrestoi pronar\u00ebt e banes\u00ebs bab\u00eb e bir si autor\u00eb t\u00eb dyshuar n\u00eb lidhje me kultivimin e tyre.<\/p>\n<p><strong>T\u00eb arrestuarit jan\u00eb:<\/strong><\/p>\n<ul>\n<li>A. N., 57 vje\u00e7, me detyr\u00eb &#8211; Kryeplak i Fshatit Penkov\u00eb.<\/li>\n<li>V. N., 23 vje\u00e7, banues n\u00eb t\u00eb nj\u00ebjt\u00ebn banes\u00eb.<\/li>\n<\/ul>\n<p>Materialet iu referuan Prokuroris\u00eb p\u00ebr vepr\u00ebn penale &#8220;Kultivimi i bim\u00ebve narkotike&#8221; e kryer n\u00eb bashk\u00ebpunim dhe &#8220;Shp\u00ebrdorimi i detyr\u00ebs&#8221;.<\/p>\n<p>&nbsp;<\/p>\n<p>&nbsp;<\/p>\n<p>&nbsp;<\/p>\n<p>&nbsp;<\/p>","protected":false},"excerpt":{"rendered":"<p>Kryeplaku i fshatit Penkov\u00eb n\u00eb Vlor\u00eb bashk\u00eb me t\u00eb birin e tij jan\u00eb v\u00ebn\u00eb n\u00eb prangat e policise, pasi iu gjet\u00ebn t\u00eb kultivuara bim\u00eb narkotike p\u00ebrreth banes\u00ebs s\u00eb tyre. &#8220;Arrestimi i b\u00eb pas kontrollit t\u00eb ushtruar p\u00ebrreth nj\u00eb banese n\u00eb fshatin Penkov\u00eb, Bashkia Selenic\u00eb, ku u konstatun t\u00eb mbjella bim\u00eb dhe fidan\u00eb t\u00eb dyshuara t\u00eb [&hellip;]<\/p>\n","protected":false},"author":2013,"featured_media":89803,"comment_status":"open","ping_status":"closed","sticky":false,"template":"","format":"standard","meta":{"footnotes":""},"categories":[241,235],"tags":[],"class_list":{"0":"post-89802","1":"post","2":"type-post","3":"status-publish","4":"format-standard","5":"has-post-thumbnail","7":"category-aktualitet","8":"category-vendi"},"_links":{"self":[{"href":"https:\/\/zjarr.tv\/en\/wp-json\/wp\/v2\/posts\/89802","targetHints":{"allow":["GET"]}}],"collection":[{"href":"https:\/\/zjarr.tv\/en\/wp-json\/wp\/v2\/posts"}],"about":[{"href":"https:\/\/zjarr.tv\/en\/wp-json\/wp\/v2\/types\/post"}],"author":[{"embeddable":true,"href":"https:\/\/zjarr.tv\/en\/wp-json\/wp\/v2\/users\/2013"}],"replies":[{"embeddable":true,"href":"https:\/\/zjarr.tv\/en\/wp-json\/wp\/v2\/comments?post=89802"}],"version-history":[{"count":0,"href":"https:\/\/zjarr.tv\/en\/wp-json\/wp\/v2\/posts\/89802\/revisions"}],"wp:featuredmedia":[{"embeddable":true,"href":"https:\/\/zjarr.tv\/en\/wp-json\/wp\/v2\/media\/89803"}],"wp:attachment":[{"href":"https:\/\/zjarr.tv\/en\/wp-json\/wp\/v2\/media?parent=89802"}],"wp:term":[{"taxonomy":"category","embeddable":true,"href":"https:\/\/zjarr.tv\/en\/wp-json\/wp\/v2\/categories?post=89802"},{"taxonomy":"post_tag","embeddable":true,"href":"https:\/\/zjarr.tv\/en\/wp-json\/wp\/v2\/tags?post=89802"}],"curies":[{"name":"wp","href":"https:\/\/api.w.org\/{rel}","templated":true}]}}